{"id":23324,"date":"2025-03-01T14:07:38","date_gmt":"2025-03-01T11:07:38","guid":{"rendered":"https:\/\/www.egemtv.com\/?p=23324"},"modified":"2025-03-01T14:07:43","modified_gmt":"2025-03-01T11:07:43","slug":"tehlike-olusturan-insaatin-calismalari-durduruldu","status":"publish","type":"post","link":"https:\/\/www.egemtv.com\/?p=23324","title":{"rendered":"Tehlike olu\u015fturan in\u015faat\u0131n \u00e7al\u0131\u015fmalar\u0131 durduruldu"},"content":{"rendered":"<p>Afyonkarahisar\u2019\u0131n Emirda\u011f il\u00e7esinde devam eden bir in\u015faat\u0131n faaliyetleri \u00e7evresinde bulunan binalara kayma ve g\u00f6\u00e7me tehlikesi olu\u015fturdu\u011fu gerek\u00e7esi ile durduruldu.<br \/>\n<br \/>Konuyla ilgili Emirda\u011f Kaymakaml\u0131\u011f\u0131\u2019n\u0131n sosyal medya hesab\u0131ndan yap\u0131lan yaz\u0131l\u0131 a\u00e7\u0131klamada, &#8220;\u0130l\u00e7emiz merkezinde bulunan Emirda\u011f M\u00fcft\u00fcl\u00fc\u011f\u00fc 4-6 ya\u015f Kur\u2019an Kursu (Ta\u015f Konak yan\u0131) kom\u015fu parselinde devam eden in\u015faat \u00e7al\u0131\u015fmalar\u0131 s\u0131ras\u0131nda kursumuzda e\u011fitim devam ederken \u00e7ocuklar\u0131m\u0131z i\u00e7in tehlike olu\u015fturdu\u011fu belirlenmi\u015ftir.  \u00c7ocuklar\u0131m\u0131z\u0131n can\u0131n\u0131 tehlikeye atan in\u015faat faaliyeti belediye taraf\u0131ndan durdurularak m\u00fch\u00fcrlenmi\u015f olup \u015e.\u00dc. isimli m\u00fcteahhit firma sahibi hakk\u0131nda su\u00e7 duyurusunda bulunulmu\u015ftur&#8221; ifadelerine yer verildi.<br \/><\/p>\n","protected":false},"excerpt":{"rendered":"<p>Afyonkarahisar\u2019\u0131n Emirda\u011f il\u00e7esinde devam eden bir in\u015faat\u0131n faaliyetleri \u00e7evresinde bulunan binalara kayma ve g\u00f6\u00e7me tehlikesi olu\u015fturdu\u011fu gerek\u00e7esi ile durduruldu. Konuyla ilgili Emirda\u011f Kaymakaml\u0131\u011f\u0131\u2019n\u0131n sosyal medya hesab\u0131ndan yap\u0131lan yaz\u0131l\u0131 a\u00e7\u0131klamada, &#8220;\u0130l\u00e7emiz merkezinde bulunan Emirda\u011f M\u00fcft\u00fcl\u00fc\u011f\u00fc 4-6 ya\u015f Kur\u2019an Kursu (Ta\u015f Konak yan\u0131) kom\u015fu parselinde devam eden in\u015faat \u00e7al\u0131\u015fmalar\u0131 s\u0131ras\u0131nda kursumuzda e\u011fitim devam ederken \u00e7ocuklar\u0131m\u0131z i\u00e7in tehlike&#8230;<\/p>\n","protected":false},"author":1,"featured_media":23325,"comment_status":"open","ping_status":"open","sticky":false,"template":"","format":"standard","meta":{"_crdt_document":"","footnotes":""},"categories":[5],"tags":[],"class_list":["post-23324","post","type-post","status-publish","format-standard","has-post-thumbnail","hentry","category-asayis"],"_links":{"self":[{"href":"https:\/\/www.egemtv.com\/index.php?rest_route=\/wp\/v2\/posts\/23324","targetHints":{"allow":["GET"]}}],"collection":[{"href":"https:\/\/www.egemtv.com\/index.php?rest_route=\/wp\/v2\/posts"}],"about":[{"href":"https:\/\/www.egemtv.com\/index.php?rest_route=\/wp\/v2\/types\/post"}],"author":[{"embeddable":true,"href":"https:\/\/www.egemtv.com\/index.php?rest_route=\/wp\/v2\/users\/1"}],"replies":[{"embeddable":true,"href":"https:\/\/www.egemtv.com\/index.php?rest_route=%2Fwp%2Fv2%2Fcomments&post=23324"}],"version-history":[{"count":1,"href":"https:\/\/www.egemtv.com\/index.php?rest_route=\/wp\/v2\/posts\/23324\/revisions"}],"predecessor-version":[{"id":23326,"href":"https:\/\/www.egemtv.com\/index.php?rest_route=\/wp\/v2\/posts\/23324\/revisions\/23326"}],"wp:featuredmedia":[{"embeddable":true,"href":"https:\/\/www.egemtv.com\/index.php?rest_route=\/wp\/v2\/media\/23325"}],"wp:attachment":[{"href":"https:\/\/www.egemtv.com\/index.php?rest_route=%2Fwp%2Fv2%2Fmedia&parent=23324"}],"wp:term":[{"taxonomy":"category","embeddable":true,"href":"https:\/\/www.egemtv.com\/index.php?rest_route=%2Fwp%2Fv2%2Fcategories&post=23324"},{"taxonomy":"post_tag","embeddable":true,"href":"https:\/\/www.egemtv.com\/index.php?rest_route=%2Fwp%2Fv2%2Ftags&post=23324"}],"curies":[{"name":"wp","href":"https:\/\/api.w.org\/{rel}","templated":true}]}}