{"id":23321,"date":"2025-03-01T14:07:33","date_gmt":"2025-03-01T11:07:33","guid":{"rendered":"https:\/\/www.egemtv.com\/?p=23321"},"modified":"2025-03-01T14:07:38","modified_gmt":"2025-03-01T11:07:38","slug":"parktaki-masanin-tahtalarini-sokup-atese-verdiler","status":"publish","type":"post","link":"https:\/\/www.egemtv.com\/?p=23321","title":{"rendered":"Parktaki masan\u0131n tahtalar\u0131n\u0131 s\u00f6k\u00fcp ate\u015fe verdiler"},"content":{"rendered":"<p>Ayd\u0131n\u2019\u0131n Didim il\u00e7esinde bulunan \u015eehit Mustafa \u00d6zsoy Park\u0131 i\u00e7erisindeki kamelyaya ait masan\u0131n tahtalar\u0131 kimli\u011fi belirsiz ki\u015filerce s\u00f6k\u00fclerek ate\u015fe verildi.<\/p>\n<p>Didim il\u00e7esi Efeler Mahallesi\u2019nde bulunan \u015eehit Mustafa \u00d6zsoy Park\u0131, duyars\u0131z vatanda\u015flar\u0131n hedefi oldu. Park i\u00e7erisindeki kamelyada bulunan masan\u0131n tahtalar\u0131 hen\u00fcz kimli\u011fi belirlenemeyen ki\u015fi ya da ki\u015filerce s\u00f6k\u00fclerek ate\u015fe verildi. Ya\u015fanan olay\u0131n ard\u0131ndan konu ile ilgili Didim Belediyesi\u2019nden &#8220;\u015eehidimizin ad\u0131n\u0131 ta\u015f\u0131yan park\u0131m\u0131za yap\u0131lan sayg\u0131s\u0131zl\u0131\u011f\u0131 kabul etmiyoruz&#8221; ba\u015fl\u0131yla yap\u0131lan a\u00e7\u0131klamada &#8220;Efeler Mahallemizde bulunan \u015eehit Mustafa \u00d6zsoy Park\u0131\u2019nda, kamelyada bulunan masan\u0131n tahtalar\u0131 s\u00f6k\u00fclerek ate\u015fe verilmi\u015f, kamu mal\u0131na zarar verilmi\u015ftir. Bu bilin\u00e7siz, sorumsuz davran\u0131\u015f\u0131 en sert \u015fekilde k\u0131n\u0131yoruz. Parklar\u0131m\u0131za zarar vermek, halk\u0131n ortak hakk\u0131n\u0131 gasp etmektir. Bu sadece bir masa de\u011fil, kamunun al\u0131n teri, Didim\u2019in ortak de\u011feri ve \u00e7ocuklar\u0131m\u0131z\u0131n gelece\u011fidir. Park ve Bah\u00e7eler M\u00fcd\u00fcrl\u00fc\u011f\u00fc ekiplerimiz h\u0131zla harekete ge\u00e7erek onar\u0131m \u00e7al\u0131\u015fmalar\u0131na ba\u015flam\u0131\u015ft\u0131r. Ancak mesele sadece onar\u0131m de\u011fil, hep birlikte bu bilinci olu\u015fturabilmektir. Unutmayal\u0131m, korumad\u0131\u011f\u0131m\u0131z her de\u011fer yok olmaya mahkumdur&#8221; ifadeleri yer ald\u0131.<br \/><\/p>\n","protected":false},"excerpt":{"rendered":"<p>Ayd\u0131n\u2019\u0131n Didim il\u00e7esinde bulunan \u015eehit Mustafa \u00d6zsoy Park\u0131 i\u00e7erisindeki kamelyaya ait masan\u0131n tahtalar\u0131 kimli\u011fi belirsiz ki\u015filerce s\u00f6k\u00fclerek ate\u015fe verildi. Didim il\u00e7esi Efeler Mahallesi\u2019nde bulunan \u015eehit Mustafa \u00d6zsoy Park\u0131, duyars\u0131z vatanda\u015flar\u0131n hedefi oldu. Park i\u00e7erisindeki kamelyada bulunan masan\u0131n tahtalar\u0131 hen\u00fcz kimli\u011fi belirlenemeyen ki\u015fi ya da ki\u015filerce s\u00f6k\u00fclerek ate\u015fe verildi. Ya\u015fanan olay\u0131n ard\u0131ndan konu ile ilgili Didim&#8230;<\/p>\n","protected":false},"author":1,"featured_media":23322,"comment_status":"open","ping_status":"open","sticky":false,"template":"","format":"standard","meta":{"_crdt_document":"","footnotes":""},"categories":[1],"tags":[],"class_list":["post-23321","post","type-post","status-publish","format-standard","has-post-thumbnail","hentry","category-guncel"],"_links":{"self":[{"href":"https:\/\/www.egemtv.com\/index.php?rest_route=\/wp\/v2\/posts\/23321","targetHints":{"allow":["GET"]}}],"collection":[{"href":"https:\/\/www.egemtv.com\/index.php?rest_route=\/wp\/v2\/posts"}],"about":[{"href":"https:\/\/www.egemtv.com\/index.php?rest_route=\/wp\/v2\/types\/post"}],"author":[{"embeddable":true,"href":"https:\/\/www.egemtv.com\/index.php?rest_route=\/wp\/v2\/users\/1"}],"replies":[{"embeddable":true,"href":"https:\/\/www.egemtv.com\/index.php?rest_route=%2Fwp%2Fv2%2Fcomments&post=23321"}],"version-history":[{"count":1,"href":"https:\/\/www.egemtv.com\/index.php?rest_route=\/wp\/v2\/posts\/23321\/revisions"}],"predecessor-version":[{"id":23323,"href":"https:\/\/www.egemtv.com\/index.php?rest_route=\/wp\/v2\/posts\/23321\/revisions\/23323"}],"wp:featuredmedia":[{"embeddable":true,"href":"https:\/\/www.egemtv.com\/index.php?rest_route=\/wp\/v2\/media\/23322"}],"wp:attachment":[{"href":"https:\/\/www.egemtv.com\/index.php?rest_route=%2Fwp%2Fv2%2Fmedia&parent=23321"}],"wp:term":[{"taxonomy":"category","embeddable":true,"href":"https:\/\/www.egemtv.com\/index.php?rest_route=%2Fwp%2Fv2%2Fcategories&post=23321"},{"taxonomy":"post_tag","embeddable":true,"href":"https:\/\/www.egemtv.com\/index.php?rest_route=%2Fwp%2Fv2%2Ftags&post=23321"}],"curies":[{"name":"wp","href":"https:\/\/api.w.org\/{rel}","templated":true}]}}