{"id":23318,"date":"2025-03-01T13:50:28","date_gmt":"2025-03-01T10:50:28","guid":{"rendered":"https:\/\/www.egemtv.com\/?p=23318"},"modified":"2025-03-01T13:50:29","modified_gmt":"2025-03-01T10:50:29","slug":"kaymakam-yakuta-aile-ziyaretlerine-devam-ediyor","status":"publish","type":"post","link":"https:\/\/www.egemtv.com\/?p=23318","title":{"rendered":"Kaymakam Yakuta aile ziyaretlerine devam ediyor"},"content":{"rendered":"<p>Mu\u011fla\u2019n\u0131n Dalaman il\u00e7esinde ya\u015fayan Mer\u00e7 ve Nazl\u0131 aileleriyle bir araya gelen Dalaman Kaymakam\u0131 Mesut Yakuta, ailelerin sa\u011fl\u0131k ve taleplerini dinledi.<br \/>\n<br \/>Dalaman Kaymakam\u0131 Mesut Yakuta, Atakent Mahallesi\u2019nde ikamet eden Mer\u00e7 ve Nazl\u0131 ailelerini evlerinde ziyaret etti. Ziyaret s\u0131ras\u0131nda ailelerle yak\u0131ndan ilgilenen Kaymakam Yakuta, sa\u011fl\u0131k durumlar\u0131n\u0131 sordu ve taleplerini dinleyerek vatanda\u015flar\u0131n ihtiya\u00e7lar\u0131na y\u00f6nelik destek sa\u011flamak i\u00e7in bilgi ald\u0131. Aileler, kaymakam\u0131n yapt\u0131\u011f\u0131 bu ziyaretten duydu\u011fu memnuniyeti ifade etti.<br \/>\n<br \/>Ziyarete, Kaymakam Mesut Yakuta\u2019n\u0131n yan\u0131 s\u0131ra \u0130l\u00e7e Emniyet M\u00fcd\u00fcr\u00fc, \u0130l\u00e7e Jandarma Komutan\u0131, SYDV M\u00fcd\u00fcr\u00fc ve mahalle muhtar\u0131 da e\u015flik etti.<br \/><\/p>\n","protected":false},"excerpt":{"rendered":"<p>Mu\u011fla\u2019n\u0131n Dalaman il\u00e7esinde ya\u015fayan Mer\u00e7 ve Nazl\u0131 aileleriyle bir araya gelen Dalaman Kaymakam\u0131 Mesut Yakuta, ailelerin sa\u011fl\u0131k ve taleplerini dinledi. Dalaman Kaymakam\u0131 Mesut Yakuta, Atakent Mahallesi\u2019nde ikamet eden Mer\u00e7 ve Nazl\u0131 ailelerini evlerinde ziyaret etti. Ziyaret s\u0131ras\u0131nda ailelerle yak\u0131ndan ilgilenen Kaymakam Yakuta, sa\u011fl\u0131k durumlar\u0131n\u0131 sordu ve taleplerini dinleyerek vatanda\u015flar\u0131n ihtiya\u00e7lar\u0131na y\u00f6nelik destek sa\u011flamak i\u00e7in bilgi&#8230;<\/p>\n","protected":false},"author":1,"featured_media":23319,"comment_status":"open","ping_status":"open","sticky":false,"template":"","format":"standard","meta":{"_crdt_document":"","footnotes":""},"categories":[4],"tags":[],"class_list":["post-23318","post","type-post","status-publish","format-standard","has-post-thumbnail","hentry","category-spor"],"_links":{"self":[{"href":"https:\/\/www.egemtv.com\/index.php?rest_route=\/wp\/v2\/posts\/23318","targetHints":{"allow":["GET"]}}],"collection":[{"href":"https:\/\/www.egemtv.com\/index.php?rest_route=\/wp\/v2\/posts"}],"about":[{"href":"https:\/\/www.egemtv.com\/index.php?rest_route=\/wp\/v2\/types\/post"}],"author":[{"embeddable":true,"href":"https:\/\/www.egemtv.com\/index.php?rest_route=\/wp\/v2\/users\/1"}],"replies":[{"embeddable":true,"href":"https:\/\/www.egemtv.com\/index.php?rest_route=%2Fwp%2Fv2%2Fcomments&post=23318"}],"version-history":[{"count":1,"href":"https:\/\/www.egemtv.com\/index.php?rest_route=\/wp\/v2\/posts\/23318\/revisions"}],"predecessor-version":[{"id":23320,"href":"https:\/\/www.egemtv.com\/index.php?rest_route=\/wp\/v2\/posts\/23318\/revisions\/23320"}],"wp:featuredmedia":[{"embeddable":true,"href":"https:\/\/www.egemtv.com\/index.php?rest_route=\/wp\/v2\/media\/23319"}],"wp:attachment":[{"href":"https:\/\/www.egemtv.com\/index.php?rest_route=%2Fwp%2Fv2%2Fmedia&parent=23318"}],"wp:term":[{"taxonomy":"category","embeddable":true,"href":"https:\/\/www.egemtv.com\/index.php?rest_route=%2Fwp%2Fv2%2Fcategories&post=23318"},{"taxonomy":"post_tag","embeddable":true,"href":"https:\/\/www.egemtv.com\/index.php?rest_route=%2Fwp%2Fv2%2Ftags&post=23318"}],"curies":[{"name":"wp","href":"https:\/\/api.w.org\/{rel}","templated":true}]}}