{"id":23312,"date":"2025-03-01T13:50:19","date_gmt":"2025-03-01T10:50:19","guid":{"rendered":"https:\/\/www.egemtv.com\/?p=23312"},"modified":"2025-03-01T13:50:24","modified_gmt":"2025-03-01T10:50:24","slug":"baskan-cavusoglu-ozay-gonlumu-yasatmaya-devam-edecegiz","status":"publish","type":"post","link":"https:\/\/www.egemtv.com\/?p=23312","title":{"rendered":"Ba\u015fkan \u00c7avu\u015fo\u011flu: &#8220;\u00d6zay G\u00f6nl\u00fcm\u2019\u00fc ya\u015fatmaya devam edece\u011fiz&#8221;"},"content":{"rendered":"<p>Denizli B\u00fcy\u00fck\u015fehir Belediyesi, Denizli\u2019nin yeti\u015ftirdi\u011fi T\u00fcrk halk m\u00fczi\u011finin unutulmaz isimlerinden \u00d6zay G\u00f6nl\u00fcm\u2019\u00fc vefat\u0131n\u0131n 25. y\u0131l d\u00f6n\u00fcm\u00fcnde de unutmad\u0131. \u00d6zay G\u00f6nl\u00fcm\u2019\u00fcn Denizli\u2019yi en iyi \u015fekilde temsil etti\u011fini vurgulayan Ba\u015fkan \u00c7avu\u015fo\u011flu &#8220;\u00d6zay G\u00f6nl\u00fcm\u2019\u00fc ya\u015fatmaya devam edece\u011fiz&#8221; dedi.<\/p>\n<p>Denizli\u2019nin ezgileri ve halk k\u00fclt\u00fcr\u00fcn\u00fc t\u00fcm d\u00fcnyaya tan\u0131tan unutulmaz halk ozan\u0131 \u00d6zay G\u00f6nl\u00fcm, vefat\u0131n\u0131n 25. y\u0131l d\u00f6n\u00fcm\u00fcnde Denizli B\u00fcy\u00fck\u015fehir Belediyesinin d\u00fczenledi\u011fi t\u00f6renle an\u0131ld\u0131. Usta sanat\u00e7\u0131n\u0131n \u00c7atal\u00e7e\u015fme Oda Tiyatrosu bah\u00e7esindeki an\u0131t heykeli \u00f6n\u00fcnde yap\u0131lan t\u00f6rene, Denizli B\u00fcy\u00fck\u015fehir Belediye Ba\u015fkan\u0131 B\u00fclent Nuri \u00c7avu\u015fo\u011flu, Ba\u015fkanvekili Ali Mar\u0131m, CHP Denizli \u0130l Ba\u015fkan\u0131 Ali Osman Horzum, Tavas Belediye Ba\u015fkan\u0131 Kadir Tat\u0131k, K\u0131z\u0131lcab\u00f6l\u00fck Mahalle Muhtar\u0131 \u00d6mer K\u00f6seo\u011flu,  K\u0131z\u0131lcab\u00f6l\u00fckl\u00fcler Vakf\u0131 Ba\u015fkan\u0131 Osman Erkli, davetliler, yak\u0131nlar\u0131 ve \u00e7ok say\u0131da seveni kat\u0131ld\u0131.<\/p>\n<p>Ba\u015fkan \u00c7avu\u015fo\u011flu\u2019nun sanat\u00e7\u0131n\u0131n an\u0131t heykeline \u00e7elenk b\u0131rakmas\u0131yla ba\u015flayan t\u00f6ren, sayg\u0131 duru\u015fu ve \u0130stiklal Mar\u015f\u0131\u2019n\u0131n okunmas\u0131 ile devam etti. \u00d6zay G\u00f6nl\u00fcm\u2019\u00fcn do\u011fall\u0131\u011f\u0131, sanat anlay\u0131\u015f\u0131 ve k\u00fclt\u00fcr\u00fc ile Denizli\u2019yi ve hem\u015fehrilerini en iyi \u015fekilde temsil etti\u011fini ifade eden Ba\u015fkan \u00c7avu\u015fo\u011flu, &#8220;Hem sesiyle, hem s\u00f6z\u00fcyle, hem de \u015fivesiyle Denizli\u2019yi en \u015fekilde anlatabilen, kendine \u00f6zg\u00fc \u00e7alg\u0131s\u0131yla beraber d\u00fcnyaya marka olmu\u015f b\u00fcy\u00fc\u011f\u00fcm\u00fcz\u00fc an\u0131yoruz&#8221; ifadelerini kulland\u0131.<\/p>\n<p>Denizli\u2019nin k\u00fclt\u00fcrel miras\u0131: \u00d6zay G\u00f6nl\u00fcm<br \/>\n<br \/>Ge\u00e7mi\u015ften gelen de\u011ferleri, gelecek nesillere ileterek ya\u015fatma mesuliyeti i\u00e7erisinde olduklar\u0131n\u0131 vurgulayan Ba\u015fkan \u00c7avu\u015fo\u011flu, &#8220;Ge\u00e7mi\u015finden kopanlar\u0131n gelece\u011fe do\u011fru yapacaklar\u0131 yolculuklar\u0131 do\u011fru bir yere ula\u015fmaz. B\u00fcy\u00fck ustaya yak\u0131\u015fan anma program\u0131 ve etkinliklerimizi s\u00fcrd\u00fcrece\u011fiz. Biz istiyoruz ki, bu \u015fehrin dokusu ve k\u00fclt\u00fcrleri ile hep beraber g\u00fczel g\u00fcnlere yolculu\u011fumuz olsun. G\u00fczel ve mutlu g\u00fcnlerde, huzur i\u00e7erisinde kendisine g\u00fcvenen mutlu insanlar\u0131n oldu\u011fu bir \u015fehirde ya\u015famay\u0131 diliyorum&#8221; diye konu\u015ftu.<br \/>\n<br \/>T\u00f6renin ard\u0131ndan g\u00fcn\u00fcn an\u0131s\u0131na an\u0131t \u00f6n\u00fcnde hat\u0131ra foto\u011fraf\u0131 \u00e7ektirildi.<br \/><\/p>\n","protected":false},"excerpt":{"rendered":"<p>Denizli B\u00fcy\u00fck\u015fehir Belediyesi, Denizli\u2019nin yeti\u015ftirdi\u011fi T\u00fcrk halk m\u00fczi\u011finin unutulmaz isimlerinden \u00d6zay G\u00f6nl\u00fcm\u2019\u00fc vefat\u0131n\u0131n 25. y\u0131l d\u00f6n\u00fcm\u00fcnde de unutmad\u0131. \u00d6zay G\u00f6nl\u00fcm\u2019\u00fcn Denizli\u2019yi en iyi \u015fekilde temsil etti\u011fini vurgulayan Ba\u015fkan \u00c7avu\u015fo\u011flu &#8220;\u00d6zay G\u00f6nl\u00fcm\u2019\u00fc ya\u015fatmaya devam edece\u011fiz&#8221; dedi. Denizli\u2019nin ezgileri ve halk k\u00fclt\u00fcr\u00fcn\u00fc t\u00fcm d\u00fcnyaya tan\u0131tan unutulmaz halk ozan\u0131 \u00d6zay G\u00f6nl\u00fcm, vefat\u0131n\u0131n 25. y\u0131l d\u00f6n\u00fcm\u00fcnde Denizli B\u00fcy\u00fck\u015fehir Belediyesinin&#8230;<\/p>\n","protected":false},"author":1,"featured_media":23313,"comment_status":"open","ping_status":"open","sticky":false,"template":"","format":"standard","meta":{"_crdt_document":"","footnotes":""},"categories":[1],"tags":[],"class_list":["post-23312","post","type-post","status-publish","format-standard","has-post-thumbnail","hentry","category-guncel"],"_links":{"self":[{"href":"https:\/\/www.egemtv.com\/index.php?rest_route=\/wp\/v2\/posts\/23312","targetHints":{"allow":["GET"]}}],"collection":[{"href":"https:\/\/www.egemtv.com\/index.php?rest_route=\/wp\/v2\/posts"}],"about":[{"href":"https:\/\/www.egemtv.com\/index.php?rest_route=\/wp\/v2\/types\/post"}],"author":[{"embeddable":true,"href":"https:\/\/www.egemtv.com\/index.php?rest_route=\/wp\/v2\/users\/1"}],"replies":[{"embeddable":true,"href":"https:\/\/www.egemtv.com\/index.php?rest_route=%2Fwp%2Fv2%2Fcomments&post=23312"}],"version-history":[{"count":1,"href":"https:\/\/www.egemtv.com\/index.php?rest_route=\/wp\/v2\/posts\/23312\/revisions"}],"predecessor-version":[{"id":23314,"href":"https:\/\/www.egemtv.com\/index.php?rest_route=\/wp\/v2\/posts\/23312\/revisions\/23314"}],"wp:featuredmedia":[{"embeddable":true,"href":"https:\/\/www.egemtv.com\/index.php?rest_route=\/wp\/v2\/media\/23313"}],"wp:attachment":[{"href":"https:\/\/www.egemtv.com\/index.php?rest_route=%2Fwp%2Fv2%2Fmedia&parent=23312"}],"wp:term":[{"taxonomy":"category","embeddable":true,"href":"https:\/\/www.egemtv.com\/index.php?rest_route=%2Fwp%2Fv2%2Fcategories&post=23312"},{"taxonomy":"post_tag","embeddable":true,"href":"https:\/\/www.egemtv.com\/index.php?rest_route=%2Fwp%2Fv2%2Ftags&post=23312"}],"curies":[{"name":"wp","href":"https:\/\/api.w.org\/{rel}","templated":true}]}}