{"id":23306,"date":"2025-03-01T13:50:10","date_gmt":"2025-03-01T10:50:10","guid":{"rendered":"https:\/\/www.egemtv.com\/?p=23306"},"modified":"2025-03-01T13:50:15","modified_gmt":"2025-03-01T10:50:15","slug":"3-hisar-grubundan-unutulmaz-konser","status":"publish","type":"post","link":"https:\/\/www.egemtv.com\/?p=23306","title":{"rendered":"3 Hisar grubundan unutulmaz konser"},"content":{"rendered":"<p>Denizli B\u00fcy\u00fck\u015fehir Belediyesi, sanatseverleri \u00f6zel bir m\u00fczik ziyafetiyle bulu\u015fturdu. Geleneksel T\u00fcrk m\u00fczi\u011fi motiflerini Klasik Bat\u0131 m\u00fczi\u011fi formlar\u0131yla harmanlayan &#8220;3 Hisar&#8221; grubu, Denizlililere unutulmaz bir gece ya\u015fatt\u0131.<\/p>\n<p>Nihat Zeybekci Kongre ve K\u00fclt\u00fcr Merkezi Mehmet Gazi Salonu\u2019nda ger\u00e7ekle\u015fen konsere Denizli B\u00fcy\u00fck\u015fehir Belediyesi Ba\u015fkanvekili Ali Mar\u0131m, il\u00e7e belediye ba\u015fkanlar\u0131 ve \u00e7ok say\u0131da davetli kat\u0131ld\u0131. Sahneye \u00e7\u0131kan Erdin\u00e7 \u015eenyaylar, Engin G\u00fcrkey ve Hakan Dedeler, klasik gitar, vurmal\u0131 \u00e7alg\u0131lar ve tanburun e\u015fsiz uyumuyla izleyicilere hem duygusal hem de co\u015fkulu anlar ya\u015fatt\u0131. Sanatseverler, 3 Hisar grubunun farkl\u0131 m\u00fczik k\u00fclt\u00fcrlerini bir araya getiren performans\u0131n\u0131 b\u00fcy\u00fck bir ilgiyle takip etti.<\/p>\n<p>Sanat \u015fehri Denizli<br \/>\n<br \/>Konserin sonunda sahneye \u00e7\u0131kan Denizli B\u00fcy\u00fck\u015fehir Belediyesi Ba\u015fkanvekili Ali Mar\u0131m, sanat\u00e7\u0131lara te\u015fekk\u00fcr ederek g\u00fcn\u00fcn an\u0131s\u0131na plaket takdim etti. Denizli B\u00fcy\u00fck\u015fehir Belediyesi olarak sanata ve sanat\u00e7\u0131lara destek vermeye devam edeceklerini belirten Mar\u0131m, bu t\u00fcr etkinliklerin \u015fehirdeki k\u00fclt\u00fcrel zenginli\u011fi art\u0131rd\u0131\u011f\u0131n\u0131 vurgulad\u0131. Denizlililerin yo\u011fun ilgi g\u00f6sterdi\u011fi konserde, sanat\u00e7\u0131lar unutulmaz bir geceye imza att\u0131.<br \/><\/p>\n","protected":false},"excerpt":{"rendered":"<p>Denizli B\u00fcy\u00fck\u015fehir Belediyesi, sanatseverleri \u00f6zel bir m\u00fczik ziyafetiyle bulu\u015fturdu. Geleneksel T\u00fcrk m\u00fczi\u011fi motiflerini Klasik Bat\u0131 m\u00fczi\u011fi formlar\u0131yla harmanlayan &#8220;3 Hisar&#8221; grubu, Denizlililere unutulmaz bir gece ya\u015fatt\u0131. Nihat Zeybekci Kongre ve K\u00fclt\u00fcr Merkezi Mehmet Gazi Salonu\u2019nda ger\u00e7ekle\u015fen konsere Denizli B\u00fcy\u00fck\u015fehir Belediyesi Ba\u015fkanvekili Ali Mar\u0131m, il\u00e7e belediye ba\u015fkanlar\u0131 ve \u00e7ok say\u0131da davetli kat\u0131ld\u0131. Sahneye \u00e7\u0131kan Erdin\u00e7 \u015eenyaylar,&#8230;<\/p>\n","protected":false},"author":1,"featured_media":23307,"comment_status":"open","ping_status":"open","sticky":false,"template":"","format":"standard","meta":{"_crdt_document":"","footnotes":""},"categories":[1],"tags":[],"class_list":["post-23306","post","type-post","status-publish","format-standard","has-post-thumbnail","hentry","category-guncel"],"_links":{"self":[{"href":"https:\/\/www.egemtv.com\/index.php?rest_route=\/wp\/v2\/posts\/23306","targetHints":{"allow":["GET"]}}],"collection":[{"href":"https:\/\/www.egemtv.com\/index.php?rest_route=\/wp\/v2\/posts"}],"about":[{"href":"https:\/\/www.egemtv.com\/index.php?rest_route=\/wp\/v2\/types\/post"}],"author":[{"embeddable":true,"href":"https:\/\/www.egemtv.com\/index.php?rest_route=\/wp\/v2\/users\/1"}],"replies":[{"embeddable":true,"href":"https:\/\/www.egemtv.com\/index.php?rest_route=%2Fwp%2Fv2%2Fcomments&post=23306"}],"version-history":[{"count":1,"href":"https:\/\/www.egemtv.com\/index.php?rest_route=\/wp\/v2\/posts\/23306\/revisions"}],"predecessor-version":[{"id":23308,"href":"https:\/\/www.egemtv.com\/index.php?rest_route=\/wp\/v2\/posts\/23306\/revisions\/23308"}],"wp:featuredmedia":[{"embeddable":true,"href":"https:\/\/www.egemtv.com\/index.php?rest_route=\/wp\/v2\/media\/23307"}],"wp:attachment":[{"href":"https:\/\/www.egemtv.com\/index.php?rest_route=%2Fwp%2Fv2%2Fmedia&parent=23306"}],"wp:term":[{"taxonomy":"category","embeddable":true,"href":"https:\/\/www.egemtv.com\/index.php?rest_route=%2Fwp%2Fv2%2Fcategories&post=23306"},{"taxonomy":"post_tag","embeddable":true,"href":"https:\/\/www.egemtv.com\/index.php?rest_route=%2Fwp%2Fv2%2Ftags&post=23306"}],"curies":[{"name":"wp","href":"https:\/\/api.w.org\/{rel}","templated":true}]}}