{"id":23303,"date":"2025-03-01T13:50:00","date_gmt":"2025-03-01T10:50:00","guid":{"rendered":"https:\/\/www.egemtv.com\/?p=23303"},"modified":"2025-03-01T13:50:10","modified_gmt":"2025-03-01T10:50:10","slug":"yuzme-antrenoru-bahcivan-turkiye-ikincisi-oldu","status":"publish","type":"post","link":"https:\/\/www.egemtv.com\/?p=23303","title":{"rendered":"Y\u00fczme antren\u00f6r\u00fc Bah\u00e7ivan, T\u00fcrkiye ikincisi oldu"},"content":{"rendered":"<p>Afyonkarahisar Gen\u00e7lik ve Spor \u0130l M\u00fcd\u00fcrl\u00fc\u011f\u00fc b\u00fcnyesinde g\u00f6rev yapan y\u00fczme antren\u00f6r\u00fc Nehir Bah\u00e7ivan, T\u00fcrk Devletleri Te\u015fkilat\u0131 Herkes \u0130\u00e7in Y\u00fczme Projesi \u00e7er\u00e7evesinde d\u00fczenlenen y\u00fczme yar\u0131\u015fmalar\u0131nda elde etti\u011fi b\u00fcy\u00fck ba\u015far\u0131 ile dikkatleri \u00fczerine \u00e7ekti.<br \/>\n<br \/>Bah\u00e7ivan, Ege B\u00f6lgesi\u2019nde d\u00fczenlenen y\u00fczme yar\u0131\u015fmalar\u0131nda, kendi ya\u015f kategorisinde g\u00f6sterdi\u011fi \u00fcst\u00fcn performansla b\u00f6lge birincisi oldu. Bu ba\u015far\u0131s\u0131, ona 21-23 \u015eubat 2025 tarihlerinde Konya\u2019da d\u00fczenlenen ve sekiz b\u00f6lgeden birincilerin kat\u0131ld\u0131\u011f\u0131 T\u00fcrkiye \u015eampiyonas\u0131\u2019na kat\u0131lma hakk\u0131 tan\u0131d\u0131.<br \/>\n<br \/>Konya\u2019da d\u00fczenlenen T\u00fcrkiye \u015eampiyonas\u0131\u2019nda ise Bah\u00e7ivan, b\u00fcy\u00fck bir azimle m\u00fccadele ederek T\u00fcrkiye ikincisi olmay\u0131 ba\u015fard\u0131.<br \/>\n<br \/>Gen\u00e7lik ve Spor \u0130l M\u00fcd\u00fcr\u00fc \u0130smail Hakk\u0131 Kasapo\u011flu, Bah\u00e7ivan\u2019\u0131n elde etti\u011fi bu ulusal ba\u015far\u0131y\u0131 tebrik ederken, y\u00fczme sporunun ilimizdeki geli\u015fimine katk\u0131 sa\u011flayan Bah\u00e7ivan\u2019\u0131n motivasyonu ile gen\u00e7 sporcular\u0131n daha b\u00fcy\u00fck ba\u015far\u0131lar elde etmeleri i\u00e7in \u00f6nemli bir \u00f6rnek olu\u015fturdu\u011funu belirtti.<br \/><\/p>\n","protected":false},"excerpt":{"rendered":"<p>Afyonkarahisar Gen\u00e7lik ve Spor \u0130l M\u00fcd\u00fcrl\u00fc\u011f\u00fc b\u00fcnyesinde g\u00f6rev yapan y\u00fczme antren\u00f6r\u00fc Nehir Bah\u00e7ivan, T\u00fcrk Devletleri Te\u015fkilat\u0131 Herkes \u0130\u00e7in Y\u00fczme Projesi \u00e7er\u00e7evesinde d\u00fczenlenen y\u00fczme yar\u0131\u015fmalar\u0131nda elde etti\u011fi b\u00fcy\u00fck ba\u015far\u0131 ile dikkatleri \u00fczerine \u00e7ekti. Bah\u00e7ivan, Ege B\u00f6lgesi\u2019nde d\u00fczenlenen y\u00fczme yar\u0131\u015fmalar\u0131nda, kendi ya\u015f kategorisinde g\u00f6sterdi\u011fi \u00fcst\u00fcn performansla b\u00f6lge birincisi oldu. Bu ba\u015far\u0131s\u0131, ona 21-23 \u015eubat 2025 tarihlerinde Konya\u2019da&#8230;<\/p>\n","protected":false},"author":1,"featured_media":23304,"comment_status":"open","ping_status":"open","sticky":false,"template":"","format":"standard","meta":{"_crdt_document":"","footnotes":""},"categories":[4],"tags":[],"class_list":["post-23303","post","type-post","status-publish","format-standard","has-post-thumbnail","hentry","category-spor"],"_links":{"self":[{"href":"https:\/\/www.egemtv.com\/index.php?rest_route=\/wp\/v2\/posts\/23303","targetHints":{"allow":["GET"]}}],"collection":[{"href":"https:\/\/www.egemtv.com\/index.php?rest_route=\/wp\/v2\/posts"}],"about":[{"href":"https:\/\/www.egemtv.com\/index.php?rest_route=\/wp\/v2\/types\/post"}],"author":[{"embeddable":true,"href":"https:\/\/www.egemtv.com\/index.php?rest_route=\/wp\/v2\/users\/1"}],"replies":[{"embeddable":true,"href":"https:\/\/www.egemtv.com\/index.php?rest_route=%2Fwp%2Fv2%2Fcomments&post=23303"}],"version-history":[{"count":1,"href":"https:\/\/www.egemtv.com\/index.php?rest_route=\/wp\/v2\/posts\/23303\/revisions"}],"predecessor-version":[{"id":23305,"href":"https:\/\/www.egemtv.com\/index.php?rest_route=\/wp\/v2\/posts\/23303\/revisions\/23305"}],"wp:featuredmedia":[{"embeddable":true,"href":"https:\/\/www.egemtv.com\/index.php?rest_route=\/wp\/v2\/media\/23304"}],"wp:attachment":[{"href":"https:\/\/www.egemtv.com\/index.php?rest_route=%2Fwp%2Fv2%2Fmedia&parent=23303"}],"wp:term":[{"taxonomy":"category","embeddable":true,"href":"https:\/\/www.egemtv.com\/index.php?rest_route=%2Fwp%2Fv2%2Fcategories&post=23303"},{"taxonomy":"post_tag","embeddable":true,"href":"https:\/\/www.egemtv.com\/index.php?rest_route=%2Fwp%2Fv2%2Ftags&post=23303"}],"curies":[{"name":"wp","href":"https:\/\/api.w.org\/{rel}","templated":true}]}}