{"id":23300,"date":"2025-03-01T13:49:57","date_gmt":"2025-03-01T10:49:57","guid":{"rendered":"https:\/\/www.egemtv.com\/?p=23300"},"modified":"2025-03-01T13:50:00","modified_gmt":"2025-03-01T10:50:00","slug":"usak-universitesinde-turk-tarih-kurumu-100-yil-kitapligi-acildi","status":"publish","type":"post","link":"https:\/\/www.egemtv.com\/?p=23300","title":{"rendered":"U\u015fak \u00dcniversitesi\u2019nde &#8220;T\u00fcrk Tarih Kurumu 100. Y\u0131l Kitapl\u0131\u011f\u0131&#8221; a\u00e7\u0131ld\u0131"},"content":{"rendered":"<p>T\u00fcrk Tarih Kurumu 22\u2019nci &#8220;T\u00fcrk Tarih Kurumu 100. Y\u0131l Kitapl\u0131\u011f\u0131&#8221;n\u0131 U\u015fak \u00dcniversitesi Prof. Dr. Fuat Sezgin K\u00fct\u00fcphanesinde a\u00e7t\u0131. T\u00f6rene U\u015fak \u00dcniversitesi Rekt\u00f6r\u00fc Prof. Dr. Ekrem Sava\u015f, Rekt\u00f6r Yard\u0131mc\u0131s\u0131 Prof. Dr. L\u00fctfi \u00d6zav, T\u00fcrk Tarih Kurumu Ba\u015fkan Yard\u0131mc\u0131s\u0131 Do\u00e7. Dr. Yunus Pustu, fak\u00fclte dekanlar\u0131, meslek y\u00fcksekokul m\u00fcd\u00fcrleri, ara\u015ft\u0131rma merkezi m\u00fcd\u00fcrleri, daire ba\u015fkanlar\u0131 ve akademisyenler kat\u0131ld\u0131.<\/p>\n<p>T\u00f6rende yapt\u0131\u011f\u0131 konu\u015fmada, Prof. Dr. Ekrem Sava\u015f, k\u00fct\u00fcphanelerin ve kitaplar\u0131n milletlerin ge\u00e7mi\u015findeki \u00f6nemine de\u011findi. Rekt\u00f6r Prof. Dr. Ekrem Sava\u015f, &#8220;B\u00fct\u00fcn bilimlerin do\u011fu\u015fu Do\u011fu\u2019dand\u0131r. B\u00fct\u00fcn k\u00fct\u00fcphaneler Do\u011fu\u2019dan yay\u0131lm\u0131\u015ft\u0131r. K\u00fct\u00fcphaneler bizim i\u00e7in son derece \u00f6nemli. Cumhuriyet\u2019in k\u00f6kl\u00fc kurumlar\u0131ndan olan T\u00fcrk Tarih Kurumu\u2019na Cumhuriyetimizin kurulu\u015funun 100. y\u0131l\u0131 vesilesiyle \u00fcniversitemizde kurduklar\u0131 \u2018T\u00fcrk Tarih Kurumu 100. Y\u0131l Kitapl\u0131\u011f\u0131\u2019 i\u00e7in te\u015fekk\u00fcr ederiz. \u00dcniversitemize ba\u011f\u0131\u015flanan 1619 kitap ve 558 say\u0131 dergi, ara\u015ft\u0131rmac\u0131lar ve \u00f6\u011frencilere yeni vizyonlar a\u00e7acakt\u0131r&#8221; dedi.<\/p>\n<p>T\u00fcrk Tarih Kurumu Ba\u015fkan Yard\u0131mc\u0131s\u0131 Do\u00e7. Dr. Yunus Pustu ise yapt\u0131\u011f\u0131 konu\u015fmada \u015funlara de\u011findi: &#8220;Kurumumuz kurulu\u015fundan g\u00fcn\u00fcm\u00fcze kadar ama\u00e7lar\u0131 do\u011frultusunda sosyal bilgiler alan\u0131nda faaliyet y\u00fcr\u00fctmektedir. Bunlardan bir tanesi de dergi ve kitap bas\u0131m\u0131d\u0131r. Kurumumuz akademik bilgi olu\u015fturman\u0131n yan\u0131nda bunun yay\u0131lmas\u0131n\u0131 \u00f6nemsemektedir. 2023 y\u0131l\u0131nda bir proje ba\u015flatt\u0131k. Bu projemiz \u2018T\u00fcrk Tarih Kurumu 100. Y\u0131l Kitapl\u0131\u011f\u0131\u2019d\u0131r. Bu kapsamda \u00fclkemizdeki \u00fcniversitelerin tamam\u0131nda bu kitapl\u0131\u011f\u0131 kurmay\u0131 hedefliyoruz. U\u015fak \u00dcniversitesi\u2019nde a\u00e7t\u0131\u011f\u0131m\u0131z kitapl\u0131k 22\u2019nci kitapl\u0131\u011f\u0131m\u0131z. Kitapl\u0131k a\u00e7ma \u00e7al\u0131\u015fmalar\u0131m\u0131z devam edecek. Rekt\u00f6r\u00fcm\u00fcz Prof. Dr. Ekrem Sava\u015f ba\u015fta olmak \u00fczere eme\u011fi ge\u00e7en herkese te\u015fekk\u00fcr ederim.\u2019\u2019 dedi.<br \/>\n<br \/>A\u00e7\u0131l\u0131\u015f\u0131n sonunda protokol taraf\u0131ndan kurdele kesildi ve kitapl\u0131\u011f\u0131n hay\u0131rl\u0131 olmas\u0131 temennisinde bulunuldu.<br \/><\/p>\n","protected":false},"excerpt":{"rendered":"<p>T\u00fcrk Tarih Kurumu 22\u2019nci &#8220;T\u00fcrk Tarih Kurumu 100. Y\u0131l Kitapl\u0131\u011f\u0131&#8221;n\u0131 U\u015fak \u00dcniversitesi Prof. Dr. Fuat Sezgin K\u00fct\u00fcphanesinde a\u00e7t\u0131. T\u00f6rene U\u015fak \u00dcniversitesi Rekt\u00f6r\u00fc Prof. Dr. Ekrem Sava\u015f, Rekt\u00f6r Yard\u0131mc\u0131s\u0131 Prof. Dr. L\u00fctfi \u00d6zav, T\u00fcrk Tarih Kurumu Ba\u015fkan Yard\u0131mc\u0131s\u0131 Do\u00e7. Dr. Yunus Pustu, fak\u00fclte dekanlar\u0131, meslek y\u00fcksekokul m\u00fcd\u00fcrleri, ara\u015ft\u0131rma merkezi m\u00fcd\u00fcrleri, daire ba\u015fkanlar\u0131 ve akademisyenler kat\u0131ld\u0131. T\u00f6rende&#8230;<\/p>\n","protected":false},"author":1,"featured_media":23301,"comment_status":"open","ping_status":"open","sticky":false,"template":"","format":"standard","meta":{"_crdt_document":"","footnotes":""},"categories":[1],"tags":[],"class_list":["post-23300","post","type-post","status-publish","format-standard","has-post-thumbnail","hentry","category-guncel"],"_links":{"self":[{"href":"https:\/\/www.egemtv.com\/index.php?rest_route=\/wp\/v2\/posts\/23300","targetHints":{"allow":["GET"]}}],"collection":[{"href":"https:\/\/www.egemtv.com\/index.php?rest_route=\/wp\/v2\/posts"}],"about":[{"href":"https:\/\/www.egemtv.com\/index.php?rest_route=\/wp\/v2\/types\/post"}],"author":[{"embeddable":true,"href":"https:\/\/www.egemtv.com\/index.php?rest_route=\/wp\/v2\/users\/1"}],"replies":[{"embeddable":true,"href":"https:\/\/www.egemtv.com\/index.php?rest_route=%2Fwp%2Fv2%2Fcomments&post=23300"}],"version-history":[{"count":1,"href":"https:\/\/www.egemtv.com\/index.php?rest_route=\/wp\/v2\/posts\/23300\/revisions"}],"predecessor-version":[{"id":23302,"href":"https:\/\/www.egemtv.com\/index.php?rest_route=\/wp\/v2\/posts\/23300\/revisions\/23302"}],"wp:featuredmedia":[{"embeddable":true,"href":"https:\/\/www.egemtv.com\/index.php?rest_route=\/wp\/v2\/media\/23301"}],"wp:attachment":[{"href":"https:\/\/www.egemtv.com\/index.php?rest_route=%2Fwp%2Fv2%2Fmedia&parent=23300"}],"wp:term":[{"taxonomy":"category","embeddable":true,"href":"https:\/\/www.egemtv.com\/index.php?rest_route=%2Fwp%2Fv2%2Fcategories&post=23300"},{"taxonomy":"post_tag","embeddable":true,"href":"https:\/\/www.egemtv.com\/index.php?rest_route=%2Fwp%2Fv2%2Ftags&post=23300"}],"curies":[{"name":"wp","href":"https:\/\/api.w.org\/{rel}","templated":true}]}}