{"id":23297,"date":"2025-03-01T13:49:53","date_gmt":"2025-03-01T10:49:53","guid":{"rendered":"https:\/\/www.egemtv.com\/?p=23297"},"modified":"2025-03-01T13:49:57","modified_gmt":"2025-03-01T10:49:57","slug":"gardenya-filmi-5-galasini-buharkentte-yapti","status":"publish","type":"post","link":"https:\/\/www.egemtv.com\/?p=23297","title":{"rendered":"Gardenya filmi 5. galas\u0131n\u0131 Buharkent\u2019te yapt\u0131"},"content":{"rendered":"<p>Tamam\u0131 Ayd\u0131n\u2019da \u00e7ekilen ilk uzun metrajl\u0131 yerli film olarak ta\u0131t\u0131lan \u2018Gardenya\u2019 filmi 5. galas\u0131n\u0131 Ayd\u0131n\u2019\u0131n Buharkent il\u00e7esinde yapt\u0131. Buharkent Belediye Ba\u015fkan\u0131 Mehmet Erol\u2019un ev sahipli\u011finde Buharkent Belediyesi Y\u00fczme Havuzu ve Sosyal Tesisleri\u2019nde vatanda\u015flar ve filmin oyuncular\u0131 filmi birlikte izledi.<br \/>\n<br \/>Ayd\u0131n\u2019\u0131n tan\u0131t\u0131m\u0131na katk\u0131 sunmay\u0131 da ama\u00e7lad\u0131\u011f\u0131 belirtilen filmin, Germencik, \u0130ncirliova ve \u00d6merbeyli Mahallesi\u2019nde 4 ayda \u00e7ekildi\u011fi belirtildi.  Yerel oyuncular\u0131n ilk defa kamera kar\u015f\u0131s\u0131na ge\u00e7ti\u011fi filmde G\u00fclnihal Demir ile birlikte usta ve amt\u00f6r oyuncular da yer ald\u0131. Buharkent\u2019teki Galada yap\u0131lan a\u00e7\u0131klamada Filmin Y\u00f6netmeni Oktay At\u00e7al\u0131, Buharkent\u2019te de film \u00e7ekeceklerini a\u00e7\u0131klad\u0131.<br \/>\n<br \/>&#8220;Buharkent\u2019te ilkler ya\u015fanmaya devam ediyor&#8221;<br \/>\n<br \/>Buharkent Belediye Ba\u015fkan\u0131 Mehmet Erol: &#8220;\u00c7ekimleri Ayd\u0131n\u2019\u0131m\u0131zda yap\u0131lan sinema filmi Gardenya\u2019n\u0131n 5. gala g\u00f6sterimini il\u00e7emizde ger\u00e7ekle\u015ftirdik. Yap\u0131mc\u0131 ve Y\u00f6netmen arkada\u015f ba\u015fta olmak \u00fczere t\u00fcm de\u011ferli oyuncular\u0131m\u0131za ve set ekibine te\u015fekk\u00fcr ediyor, \u00e7al\u0131\u015fmalar\u0131nda ba\u015far\u0131lar diliyorum. Buharkent\u2019te bu t\u00fcr etkinlikler az oluyor ve bu da bir ilk oldu. Buharkent bundan sonra da ilklere al\u0131\u015facak. \u0130l\u00e7emiz geli\u015fiyor, b\u00fcy\u00fcyor ve bu t\u00fcr etkinlikleri de istiyor. Sosyal ihtiya\u00e7lar do\u011fuyor ve bizler de elimizden geleni yapaca\u011f\u0131z&#8221; dedi.<br \/>\n<br \/>Filmi oyuncularla birlikte izleyen Buharkentliler filmin sonunda alk\u0131\u015flara be\u011fenilerini g\u00f6sterdiler. Ba\u015fkan Erol\u2019a desteklerinden dolay\u0131 plaket takdim edildi.<br \/><\/p>\n","protected":false},"excerpt":{"rendered":"<p>Tamam\u0131 Ayd\u0131n\u2019da \u00e7ekilen ilk uzun metrajl\u0131 yerli film olarak ta\u0131t\u0131lan \u2018Gardenya\u2019 filmi 5. galas\u0131n\u0131 Ayd\u0131n\u2019\u0131n Buharkent il\u00e7esinde yapt\u0131. Buharkent Belediye Ba\u015fkan\u0131 Mehmet Erol\u2019un ev sahipli\u011finde Buharkent Belediyesi Y\u00fczme Havuzu ve Sosyal Tesisleri\u2019nde vatanda\u015flar ve filmin oyuncular\u0131 filmi birlikte izledi. Ayd\u0131n\u2019\u0131n tan\u0131t\u0131m\u0131na katk\u0131 sunmay\u0131 da ama\u00e7lad\u0131\u011f\u0131 belirtilen filmin, Germencik, \u0130ncirliova ve \u00d6merbeyli Mahallesi\u2019nde 4 ayda \u00e7ekildi\u011fi&#8230;<\/p>\n","protected":false},"author":1,"featured_media":23298,"comment_status":"open","ping_status":"open","sticky":false,"template":"","format":"standard","meta":{"_crdt_document":"","footnotes":""},"categories":[1],"tags":[],"class_list":["post-23297","post","type-post","status-publish","format-standard","has-post-thumbnail","hentry","category-guncel"],"_links":{"self":[{"href":"https:\/\/www.egemtv.com\/index.php?rest_route=\/wp\/v2\/posts\/23297","targetHints":{"allow":["GET"]}}],"collection":[{"href":"https:\/\/www.egemtv.com\/index.php?rest_route=\/wp\/v2\/posts"}],"about":[{"href":"https:\/\/www.egemtv.com\/index.php?rest_route=\/wp\/v2\/types\/post"}],"author":[{"embeddable":true,"href":"https:\/\/www.egemtv.com\/index.php?rest_route=\/wp\/v2\/users\/1"}],"replies":[{"embeddable":true,"href":"https:\/\/www.egemtv.com\/index.php?rest_route=%2Fwp%2Fv2%2Fcomments&post=23297"}],"version-history":[{"count":1,"href":"https:\/\/www.egemtv.com\/index.php?rest_route=\/wp\/v2\/posts\/23297\/revisions"}],"predecessor-version":[{"id":23299,"href":"https:\/\/www.egemtv.com\/index.php?rest_route=\/wp\/v2\/posts\/23297\/revisions\/23299"}],"wp:featuredmedia":[{"embeddable":true,"href":"https:\/\/www.egemtv.com\/index.php?rest_route=\/wp\/v2\/media\/23298"}],"wp:attachment":[{"href":"https:\/\/www.egemtv.com\/index.php?rest_route=%2Fwp%2Fv2%2Fmedia&parent=23297"}],"wp:term":[{"taxonomy":"category","embeddable":true,"href":"https:\/\/www.egemtv.com\/index.php?rest_route=%2Fwp%2Fv2%2Fcategories&post=23297"},{"taxonomy":"post_tag","embeddable":true,"href":"https:\/\/www.egemtv.com\/index.php?rest_route=%2Fwp%2Fv2%2Ftags&post=23297"}],"curies":[{"name":"wp","href":"https:\/\/api.w.org\/{rel}","templated":true}]}}