{"id":23294,"date":"2025-03-01T13:49:48","date_gmt":"2025-03-01T10:49:48","guid":{"rendered":"https:\/\/www.egemtv.com\/?p=23294"},"modified":"2025-03-01T13:49:53","modified_gmt":"2025-03-01T10:49:53","slug":"efeler-belediyesinden-deprem-farkindaligi","status":"publish","type":"post","link":"https:\/\/www.egemtv.com\/?p=23294","title":{"rendered":"Efeler Belediyesi\u2019nden \u2018deprem\u2019 fark\u0131ndal\u0131\u011f\u0131"},"content":{"rendered":"<p>Efeler Belediyesi Arama Kurtarma Ekibi (EFAK), 1-7 Mart Deprem Haftas\u0131 dolay\u0131s\u0131yla bir al\u0131\u015fveri\u015f merkezinde ger\u00e7ekle\u015ftirilen etkinlikte vatanda\u015flar\u0131 deprem ve afetler konusunda bilgilendirdi.<br \/>\n<br \/>Efeler Belediye Ba\u015fkan\u0131 An\u0131l Yeti\u015fkin, deprem bilincini art\u0131rmak amac\u0131yla d\u00fczenledi\u011fi etkinliklere devam ederken, bu kapsamda Efeler Belediyesi Arama Kurtarma Ekibi (EFAK) ile Ayd\u0131n \u0130l Afet ve Acil Durum M\u00fcd\u00fcrl\u00fc\u011f\u00fc i\u015f birli\u011fiyle, 1-7 Mart Deprem Haftas\u0131\u2019na &#8220;Afet Fark\u0131ndal\u0131k Program\u0131&#8221; ger\u00e7ekle\u015ftirilecek. Bir al\u0131\u015fveri\u015f merkezinde d\u00fczenlenecek etkinlik, 14.00 &#8211; 17.00 saatleri aras\u0131nda ziyaret\u00e7ilerini a\u011f\u0131rlayacak. Etkinlikte, afet fark\u0131ndal\u0131k stand\u0131 kurulacak ve ziyaret\u00e7ilere afetler hakk\u0131nda hayati bilgiler sunulacak. Ayr\u0131ca, \u00e7ocuklar\u0131n afet bilinciyle yeti\u015fmesi amac\u0131yla \u00e7ocuklar i\u00e7in boyama alanlar\u0131 olu\u015fturulacak. Foto\u011fraf sergisi de etkinlik boyunca misafirlere a\u00e7\u0131k olacak.<br \/>\n<br \/>Etkinli\u011fe t\u00fcm vatanda\u015flar\u0131 davet eden Efeler Belediye Ba\u015fkan\u0131 An\u0131l Yeti\u015fkin; &#8220;Afetlerde can ve mal kayb\u0131n\u0131 \u00f6nlemek yaln\u0131zca yap\u0131 g\u00fcvenli\u011fi ile de\u011fil, ayn\u0131 zamanda toplumsal bilin\u00e7 ile de m\u00fcmk\u00fcn. Bu t\u00fcr etkinlikler, vatanda\u015flar\u0131m\u0131z\u0131n afetlere haz\u0131rl\u0131kl\u0131 olmas\u0131na katk\u0131 sa\u011fl\u0131yor&#8221; dedi.<br \/><\/p>\n","protected":false},"excerpt":{"rendered":"<p>Efeler Belediyesi Arama Kurtarma Ekibi (EFAK), 1-7 Mart Deprem Haftas\u0131 dolay\u0131s\u0131yla bir al\u0131\u015fveri\u015f merkezinde ger\u00e7ekle\u015ftirilen etkinlikte vatanda\u015flar\u0131 deprem ve afetler konusunda bilgilendirdi. Efeler Belediye Ba\u015fkan\u0131 An\u0131l Yeti\u015fkin, deprem bilincini art\u0131rmak amac\u0131yla d\u00fczenledi\u011fi etkinliklere devam ederken, bu kapsamda Efeler Belediyesi Arama Kurtarma Ekibi (EFAK) ile Ayd\u0131n \u0130l Afet ve Acil Durum M\u00fcd\u00fcrl\u00fc\u011f\u00fc i\u015f birli\u011fiyle, 1-7 Mart&#8230;<\/p>\n","protected":false},"author":1,"featured_media":23295,"comment_status":"open","ping_status":"open","sticky":false,"template":"","format":"standard","meta":{"_crdt_document":"","footnotes":""},"categories":[1],"tags":[],"class_list":["post-23294","post","type-post","status-publish","format-standard","has-post-thumbnail","hentry","category-guncel"],"_links":{"self":[{"href":"https:\/\/www.egemtv.com\/index.php?rest_route=\/wp\/v2\/posts\/23294","targetHints":{"allow":["GET"]}}],"collection":[{"href":"https:\/\/www.egemtv.com\/index.php?rest_route=\/wp\/v2\/posts"}],"about":[{"href":"https:\/\/www.egemtv.com\/index.php?rest_route=\/wp\/v2\/types\/post"}],"author":[{"embeddable":true,"href":"https:\/\/www.egemtv.com\/index.php?rest_route=\/wp\/v2\/users\/1"}],"replies":[{"embeddable":true,"href":"https:\/\/www.egemtv.com\/index.php?rest_route=%2Fwp%2Fv2%2Fcomments&post=23294"}],"version-history":[{"count":1,"href":"https:\/\/www.egemtv.com\/index.php?rest_route=\/wp\/v2\/posts\/23294\/revisions"}],"predecessor-version":[{"id":23296,"href":"https:\/\/www.egemtv.com\/index.php?rest_route=\/wp\/v2\/posts\/23294\/revisions\/23296"}],"wp:featuredmedia":[{"embeddable":true,"href":"https:\/\/www.egemtv.com\/index.php?rest_route=\/wp\/v2\/media\/23295"}],"wp:attachment":[{"href":"https:\/\/www.egemtv.com\/index.php?rest_route=%2Fwp%2Fv2%2Fmedia&parent=23294"}],"wp:term":[{"taxonomy":"category","embeddable":true,"href":"https:\/\/www.egemtv.com\/index.php?rest_route=%2Fwp%2Fv2%2Fcategories&post=23294"},{"taxonomy":"post_tag","embeddable":true,"href":"https:\/\/www.egemtv.com\/index.php?rest_route=%2Fwp%2Fv2%2Ftags&post=23294"}],"curies":[{"name":"wp","href":"https:\/\/api.w.org\/{rel}","templated":true}]}}