{"id":23291,"date":"2025-03-01T13:49:43","date_gmt":"2025-03-01T10:49:43","guid":{"rendered":"https:\/\/www.egemtv.com\/?p=23291"},"modified":"2025-03-01T13:49:48","modified_gmt":"2025-03-01T10:49:48","slug":"manisali-guresciler-kutahyadan-15-madalya-ile-dondu","status":"publish","type":"post","link":"https:\/\/www.egemtv.com\/?p=23291","title":{"rendered":"Manisal\u0131 g\u00fcre\u015f\u00e7iler K\u00fctahya\u2019dan 15 madalya ile d\u00f6nd\u00fc"},"content":{"rendered":"<p>Manisa G\u00fcre\u015f E\u011fitim Merkezi sporcular\u0131, K\u00fctahya\u2019da d\u00fczenlenen U17 Grekoromen G\u00fcre\u015f T\u00fcrkiye Grup \u015eampiyonas\u0131\u2019nda b\u00fcy\u00fck bir ba\u015far\u0131ya imza att\u0131. Manisa\u2019y\u0131 temsil eden g\u00fcre\u015f\u00e7iler, zorlu ve rekabet\u00e7i m\u00fcsabakalarda g\u00f6sterdikleri \u00fcst\u00fcn performansla madalyalar\u0131 toplad\u0131.<br \/>\n<br \/>Manisal\u0131 sporcular, \u015fampiyonada kazand\u0131klar\u0131 3 alt\u0131n, 5 g\u00fcm\u00fc\u015f ve 7 bronz madalya ile g\u00f6z doldurdu. Sporcular, elde ettikleri ba\u015far\u0131larla sadece bireysel madalyalar kazanmakla kalmad\u0131, ayn\u0131 zamanda tak\u0131m s\u0131ralamas\u0131nda da \u00f6nemli bir ba\u015far\u0131ya imza att\u0131. Manisa G\u00fcre\u015f E\u011fitim Merkezi Tak\u0131m\u0131, 92 puanla grup birincisi oldu. Ayr\u0131ca T\u00fcrkiye \u015eampiyonas\u0131 i\u00e7in 20 vize alarak Manisa\u2019y\u0131 temsil etmeye hak kazand\u0131. Buna g\u00f6re 45 kiloda Zafer \u0130lde\u015f, 65 kiloda Ne\u015fet Ar\u0131c\u0131 ve 110 kiloda Arda U\u011fur, kendi kategorilerinde birinci olarak b\u00fcy\u00fck bir ba\u015far\u0131ya imza att\u0131lar. Di\u011fer kategorilerde ise 48 kiloda S\u00fcleyman Efe G\u00fcle\u00e7, 51 kiloda Polat Can Karadeniz, 55 kiloda Hamza Y\u00fcksel, 80 kiloda Mehmet Y\u0131ld\u0131z ve 71 kiloda Mehmet Dipcino\u011flu ikinci oldu. Di\u011fer \u00fc\u00e7\u00fcnc\u00fcl\u00fck dereceleri ise \u015fu \u015fekilde s\u0131raland\u0131: 45 kiloda Mehmet Turan, 48 kiloda Furkan Akg\u00fcn, 51 kiloda Kenan \u00c7i\u00e7ek, 55 kiloda Tayfun \u0130lyaso\u011flu ve Halil \u015eim\u015fek, 92 kiloda \u0130brahim Mert Eren ve Ali Kaya. Manisa Gen\u00e7lik ve Spor \u0130l M\u00fcd\u00fcr\u00fc Yunus \u00d6zt\u00fcrk, grup m\u00fcsabakalar\u0131nda g\u00f6sterilen ba\u015far\u0131 nedeniyle sporcular\u0131 ve antren\u00f6rleri tebrik etti ve Manisa\u2019n\u0131n g\u00fcre\u015fteki g\u00fc\u00e7l\u00fc y\u00fckseli\u015fine dikkat \u00e7ekti. \u00d6zt\u00fcrk, &#8220;Gen\u00e7 sporcular\u0131m\u0131z\u0131n sergiledi\u011fi \u00fcst\u00fcn performans, sadece Manisa\u2019n\u0131n g\u00fcre\u015fteki y\u00fckselen ivmesini de\u011fil, ayn\u0131 zamanda \u00fclke genelindeki g\u00fcre\u015f sporunun gelece\u011fi a\u00e7\u0131s\u0131ndan da b\u00fcy\u00fck bir umut \u0131\u015f\u0131\u011f\u0131 olmu\u015ftur. Manisa, sporcu yeti\u015ftirme konusunda her ge\u00e7en g\u00fcn daha da g\u00fc\u00e7l\u00fc hale geliyor ve bu ba\u015far\u0131lar, gen\u00e7lerimizin ne denli yetenekli ve kararl\u0131 olduklar\u0131n\u0131 g\u00f6zler \u00f6n\u00fcne seriyor&#8221; dedi.<br \/>\n<br \/>\u00d6zt\u00fcrk, Manisa\u2019n\u0131n spor alan\u0131ndaki potansiyelinin, Gen\u00e7lik ve Spor Bakanl\u0131\u011f\u0131 taraf\u0131ndan yap\u0131lan yat\u0131r\u0131mlar ve altyap\u0131 \u00e7al\u0131\u015fmalar\u0131yla daha da g\u00fc\u00e7lendi\u011fini s\u00f6zlerine ekleyerek, &#8220;Manisa\u2019n\u0131n sporcular\u0131, devletimizin sa\u011flad\u0131\u011f\u0131 destek ve spor alan\u0131ndaki yat\u0131r\u0131mlar sayesinde b\u00fcy\u00fck bir ivme kazanm\u0131\u015f durumda. Bu ba\u015far\u0131lara imza atan sporcular\u0131m\u0131z\u0131n, hem ilimizi hem de \u00fclkemizi gururland\u0131rmaya devam edece\u011fine olan inanc\u0131m\u0131z sonsuz&#8221; diye konu\u015ftu ve gen\u00e7 sporculara daha b\u00fcy\u00fck ba\u015far\u0131lar i\u00e7in desteklerinin s\u00fcrece\u011fini vurgulad\u0131.<br \/><\/p>\n","protected":false},"excerpt":{"rendered":"<p>Manisa G\u00fcre\u015f E\u011fitim Merkezi sporcular\u0131, K\u00fctahya\u2019da d\u00fczenlenen U17 Grekoromen G\u00fcre\u015f T\u00fcrkiye Grup \u015eampiyonas\u0131\u2019nda b\u00fcy\u00fck bir ba\u015far\u0131ya imza att\u0131. Manisa\u2019y\u0131 temsil eden g\u00fcre\u015f\u00e7iler, zorlu ve rekabet\u00e7i m\u00fcsabakalarda g\u00f6sterdikleri \u00fcst\u00fcn performansla madalyalar\u0131 toplad\u0131. Manisal\u0131 sporcular, \u015fampiyonada kazand\u0131klar\u0131 3 alt\u0131n, 5 g\u00fcm\u00fc\u015f ve 7 bronz madalya ile g\u00f6z doldurdu. Sporcular, elde ettikleri ba\u015far\u0131larla sadece bireysel madalyalar kazanmakla kalmad\u0131,&#8230;<\/p>\n","protected":false},"author":1,"featured_media":23292,"comment_status":"open","ping_status":"open","sticky":false,"template":"","format":"standard","meta":{"_crdt_document":"","footnotes":""},"categories":[4],"tags":[],"class_list":["post-23291","post","type-post","status-publish","format-standard","has-post-thumbnail","hentry","category-spor"],"_links":{"self":[{"href":"https:\/\/www.egemtv.com\/index.php?rest_route=\/wp\/v2\/posts\/23291","targetHints":{"allow":["GET"]}}],"collection":[{"href":"https:\/\/www.egemtv.com\/index.php?rest_route=\/wp\/v2\/posts"}],"about":[{"href":"https:\/\/www.egemtv.com\/index.php?rest_route=\/wp\/v2\/types\/post"}],"author":[{"embeddable":true,"href":"https:\/\/www.egemtv.com\/index.php?rest_route=\/wp\/v2\/users\/1"}],"replies":[{"embeddable":true,"href":"https:\/\/www.egemtv.com\/index.php?rest_route=%2Fwp%2Fv2%2Fcomments&post=23291"}],"version-history":[{"count":1,"href":"https:\/\/www.egemtv.com\/index.php?rest_route=\/wp\/v2\/posts\/23291\/revisions"}],"predecessor-version":[{"id":23293,"href":"https:\/\/www.egemtv.com\/index.php?rest_route=\/wp\/v2\/posts\/23291\/revisions\/23293"}],"wp:featuredmedia":[{"embeddable":true,"href":"https:\/\/www.egemtv.com\/index.php?rest_route=\/wp\/v2\/media\/23292"}],"wp:attachment":[{"href":"https:\/\/www.egemtv.com\/index.php?rest_route=%2Fwp%2Fv2%2Fmedia&parent=23291"}],"wp:term":[{"taxonomy":"category","embeddable":true,"href":"https:\/\/www.egemtv.com\/index.php?rest_route=%2Fwp%2Fv2%2Fcategories&post=23291"},{"taxonomy":"post_tag","embeddable":true,"href":"https:\/\/www.egemtv.com\/index.php?rest_route=%2Fwp%2Fv2%2Ftags&post=23291"}],"curies":[{"name":"wp","href":"https:\/\/api.w.org\/{rel}","templated":true}]}}