{"id":23288,"date":"2025-03-01T13:27:29","date_gmt":"2025-03-01T10:27:29","guid":{"rendered":"https:\/\/www.egemtv.com\/?p=23288"},"modified":"2025-03-01T13:27:36","modified_gmt":"2025-03-01T10:27:36","slug":"sokenin-kulturler-bulusuyor-projesi-aydin-ankara-ve-sivasi-bir-araya-getirecek","status":"publish","type":"post","link":"https:\/\/www.egemtv.com\/?p=23288","title":{"rendered":"S\u00f6ke\u2019nin \u2019K\u00fclt\u00fcrler Bulu\u015fuyor\u2019 projesi Ayd\u0131n, Ankara ve Sivas\u2019\u0131 bir araya getirecek"},"content":{"rendered":"<p>Ayd\u0131n\u2019\u0131n S\u00f6ke il\u00e7esinde farkl\u0131 b\u00f6lgelerden \u00f6\u011frencileri bir araya getirerek k\u00fclt\u00fcrel etkile\u015fimi ve dayan\u0131\u015fmay\u0131 art\u0131rmay\u0131 hedefleyen &#8220;K\u00fclt\u00fcrler Bulu\u015fuyor&#8221; projesi hayata ge\u00e7irildi. Ayd\u0131n-S\u00f6ke, Ankara-Yenimahalle ve Sivas-Divri\u011fi\u2019nin yer ald\u0131\u011f\u0131 &#8220;K\u00fclt\u00fcrler Bulu\u015fuyor&#8221; Projesi kapsam\u0131nda faaliyetler 2 Ocak 2025 tarihinde ba\u015flarken, 31 Aral\u0131k 2025 tarihine kadar devam edecek.<\/p>\n<p>Proje kapsam\u0131nda Ayd\u0131n-S\u00f6ke, Ankara-Yenimahalle ve Sivas-Divri\u011fi\u2019den \u00f6\u011frenci ve \u00f6\u011fretmenler, d\u00fczenlenecek etkinliklerle bir y\u0131l boyunca birbirlerinin k\u00fclt\u00fcrlerini yak\u0131ndan tan\u0131ma f\u0131rsat\u0131 bulacak. S\u00f6ke\u2019de projenin koordinat\u00f6r okullar\u0131 S\u00f6ke \u015eehit Faruk Demir Anadolu \u0130mam Hatip Lisesi ve S\u00f6ke Anadolu Lisesi olarak belirlenirken, S\u00f6ke Kaymakaml\u0131\u011f\u0131, S\u00f6ke Belediyesi, S\u00f6ke \u0130l\u00e7e Milli E\u011fitim M\u00fcd\u00fcrl\u00fc\u011f\u00fc ve S\u00f6ke Remzi Zeytino\u011flu Derne\u011fi de projeye destek veren ba\u015fl\u0131ca payda\u015flar aras\u0131nda yer al\u0131yor.<\/p>\n<p>&#8220;Farkl\u0131l\u0131klar\u0131m\u0131z, bizi zay\u0131flatan de\u011fil, g\u00fc\u00e7lendiren bir zenginliktir&#8221; ilkesiyle hayata ge\u00e7irilen proje, \u00f6\u011frencilerin k\u00fclt\u00fcrel \u00e7e\u015fitlili\u011fi deneyimlemelerine katk\u0131 sa\u011flayacak. \u00d6\u011frenciler, farkl\u0131 b\u00f6lgelerin m\u00fczikleriyle dans edecek, birbirlerinin hikayelerinde kendilerini bulacak, ayn\u0131 filmi yorumlayacak, birbirlerine mektup yazacak. Proje S\u00f6ke ile birlikte, Ankara Yenimahalle ve Sivas Divri\u011fi il\u00e7elerinde de e\u015f zamanl\u0131 olarak y\u00fcr\u00fct\u00fcl\u00fcyor.<\/p>\n<p>\u0130lk bulu\u015fma S\u00f6ke\u2019de olacak<br \/>\n<br \/>\u0130nternet \u00fczerinden uzaktan bulu\u015fmalar\u0131n yan\u0131nda belirlenen tarihlerde \u00f6\u011fretmen ve \u00f6\u011frenciler proje dahilindeki kentlerde bir araya gelecek. \u0130lk bulu\u015fma 10-15 Nisan 2025 tarihlerinde S\u00f6ke\u2019de olacak, \u00f6\u011fretmen ve \u00f6\u011frenciler S\u00f6ke\u2019ye gelecek. Yap\u0131lacak gezi ve etkinliklerle Ayd\u0131n\u2019\u0131n S\u00f6ke il\u00e7esini yak\u0131ndan tan\u0131ma f\u0131rsat\u0131 bulacak. 4-7 May\u0131s 2025 tarihlerinde Sivas Divri\u011fi, 16-20 May\u0131s 2025 tarihlerinde Ankara\u2019da bulu\u015fma ger\u00e7ekle\u015fecek.<br \/><\/p>\n","protected":false},"excerpt":{"rendered":"<p>Ayd\u0131n\u2019\u0131n S\u00f6ke il\u00e7esinde farkl\u0131 b\u00f6lgelerden \u00f6\u011frencileri bir araya getirerek k\u00fclt\u00fcrel etkile\u015fimi ve dayan\u0131\u015fmay\u0131 art\u0131rmay\u0131 hedefleyen &#8220;K\u00fclt\u00fcrler Bulu\u015fuyor&#8221; projesi hayata ge\u00e7irildi. Ayd\u0131n-S\u00f6ke, Ankara-Yenimahalle ve Sivas-Divri\u011fi\u2019nin yer ald\u0131\u011f\u0131 &#8220;K\u00fclt\u00fcrler Bulu\u015fuyor&#8221; Projesi kapsam\u0131nda faaliyetler 2 Ocak 2025 tarihinde ba\u015flarken, 31 Aral\u0131k 2025 tarihine kadar devam edecek. Proje kapsam\u0131nda Ayd\u0131n-S\u00f6ke, Ankara-Yenimahalle ve Sivas-Divri\u011fi\u2019den \u00f6\u011frenci ve \u00f6\u011fretmenler, d\u00fczenlenecek etkinliklerle bir&#8230;<\/p>\n","protected":false},"author":1,"featured_media":23289,"comment_status":"open","ping_status":"open","sticky":false,"template":"","format":"standard","meta":{"_crdt_document":"","footnotes":""},"categories":[1],"tags":[],"class_list":["post-23288","post","type-post","status-publish","format-standard","has-post-thumbnail","hentry","category-guncel"],"_links":{"self":[{"href":"https:\/\/www.egemtv.com\/index.php?rest_route=\/wp\/v2\/posts\/23288","targetHints":{"allow":["GET"]}}],"collection":[{"href":"https:\/\/www.egemtv.com\/index.php?rest_route=\/wp\/v2\/posts"}],"about":[{"href":"https:\/\/www.egemtv.com\/index.php?rest_route=\/wp\/v2\/types\/post"}],"author":[{"embeddable":true,"href":"https:\/\/www.egemtv.com\/index.php?rest_route=\/wp\/v2\/users\/1"}],"replies":[{"embeddable":true,"href":"https:\/\/www.egemtv.com\/index.php?rest_route=%2Fwp%2Fv2%2Fcomments&post=23288"}],"version-history":[{"count":1,"href":"https:\/\/www.egemtv.com\/index.php?rest_route=\/wp\/v2\/posts\/23288\/revisions"}],"predecessor-version":[{"id":23290,"href":"https:\/\/www.egemtv.com\/index.php?rest_route=\/wp\/v2\/posts\/23288\/revisions\/23290"}],"wp:featuredmedia":[{"embeddable":true,"href":"https:\/\/www.egemtv.com\/index.php?rest_route=\/wp\/v2\/media\/23289"}],"wp:attachment":[{"href":"https:\/\/www.egemtv.com\/index.php?rest_route=%2Fwp%2Fv2%2Fmedia&parent=23288"}],"wp:term":[{"taxonomy":"category","embeddable":true,"href":"https:\/\/www.egemtv.com\/index.php?rest_route=%2Fwp%2Fv2%2Fcategories&post=23288"},{"taxonomy":"post_tag","embeddable":true,"href":"https:\/\/www.egemtv.com\/index.php?rest_route=%2Fwp%2Fv2%2Ftags&post=23288"}],"curies":[{"name":"wp","href":"https:\/\/api.w.org\/{rel}","templated":true}]}}