{"id":23285,"date":"2025-03-01T13:27:18","date_gmt":"2025-03-01T10:27:18","guid":{"rendered":"https:\/\/www.egemtv.com\/?p=23285"},"modified":"2025-03-01T13:27:29","modified_gmt":"2025-03-01T10:27:29","slug":"baskan-unlu-dayanisma-ruhunu-en-guclu-sekilde-yasatmaya-bu-sene-de-devam-edecegiz","status":"publish","type":"post","link":"https:\/\/www.egemtv.com\/?p=23285","title":{"rendered":"Ba\u015fkan \u00dcnl\u00fc: &#8220;Dayan\u0131\u015fma ruhunu en g\u00fc\u00e7l\u00fc \u015fekilde ya\u015fatmaya bu sene de devam edece\u011fiz&#8221;"},"content":{"rendered":"<p>Ramazan ay\u0131n\u0131n ba\u015flamas\u0131 dolay\u0131s\u0131yla bir mesaj yay\u0131nlayan Marmaris Belediye Ba\u015fkan\u0131 Acar \u00dcnl\u00fc; &#8220;Dayan\u0131\u015fma ruhunu en g\u00fc\u00e7l\u00fc \u015fekilde ya\u015fatmaya bu sene de devam edece\u011fiz&#8221; dedi.<br \/>\n<br \/>Marmaris Belediye Ba\u015fkan\u0131 Acar \u00dcnl\u00fc, Ramazan ay\u0131n\u0131n ba\u015flamas\u0131 dolay\u0131s\u0131yla bir mesaj yay\u0131nlad\u0131.  Ramazan ay\u0131n\u0131n ba\u015flang\u0131c\u0131 vesilesi ile bir mesaj yay\u0131nlayan Marmaris Belediye Ba\u015fkan\u0131 Acar \u00dcnl\u00fc; &#8220;Payla\u015fma ve yard\u0131mla\u015fman\u0131n mutlulu\u011funu en g\u00fczel \u015fekilde ya\u015fayaca\u011f\u0131m\u0131z Ramazan ay\u0131 boyunca lokmam\u0131z\u0131 b\u00f6l\u00fc\u015ferek, dayan\u0131\u015fma ruhunu en g\u00fc\u00e7l\u00fc \u015fekilde ya\u015fatmaya bu sene de devam edece\u011fiz&#8221; dedi.<br \/>\n<br \/>Ba\u015fkan \u00dcnl\u00fc, mesaj\u0131n\u0131n devam\u0131nda &#8220;Dayan\u0131\u015fma, yard\u0131mla\u015fma, birlik ve beraberlik duygular\u0131n\u0131 hep beraber idrak edece\u011fimiz Ramazan ay\u0131na girmi\u015f bulunuyoruz. Marmaris Belediyesi olarak ihtiya\u00e7 sahibi vatanda\u015flar\u0131m\u0131z\u0131n yan\u0131nda olmak i\u00e7in t\u00fcm haz\u0131rl\u0131klar\u0131m\u0131z\u0131 tamamlad\u0131k. Payla\u015fma ve yard\u0131mla\u015fman\u0131n mutlulu\u011funu en g\u00fczel \u015fekilde ya\u015fayaca\u011f\u0131m\u0131z Ramazan ay\u0131 boyunca lokmam\u0131z\u0131 b\u00f6l\u00fc\u015ferek, dayan\u0131\u015fma ruhunu en g\u00fc\u00e7l\u00fc \u015fekilde ya\u015fatmaya bu sene de devam edece\u011fiz. Ramazan ay\u0131n\u0131n, t\u00fcm kom\u015fular\u0131m\u0131z ile birlik ve beraberli\u011fimizi per\u00e7inlemesine, bar\u0131\u015f ve sevgi dolu g\u00fcnlere olan inanc\u0131m\u0131z\u0131 y\u00fckseltmesine vesile olmas\u0131 temennisiyle bu m\u00fcbarek bereket, bar\u0131\u015f, sa\u011fl\u0131k ve huzur getirmesini temenni ediyorum. Hay\u0131rl\u0131 Ramazanlar&#8221; ifadelerine yer verdi.<br \/><\/p>\n","protected":false},"excerpt":{"rendered":"<p>Ramazan ay\u0131n\u0131n ba\u015flamas\u0131 dolay\u0131s\u0131yla bir mesaj yay\u0131nlayan Marmaris Belediye Ba\u015fkan\u0131 Acar \u00dcnl\u00fc; &#8220;Dayan\u0131\u015fma ruhunu en g\u00fc\u00e7l\u00fc \u015fekilde ya\u015fatmaya bu sene de devam edece\u011fiz&#8221; dedi. Marmaris Belediye Ba\u015fkan\u0131 Acar \u00dcnl\u00fc, Ramazan ay\u0131n\u0131n ba\u015flamas\u0131 dolay\u0131s\u0131yla bir mesaj yay\u0131nlad\u0131. Ramazan ay\u0131n\u0131n ba\u015flang\u0131c\u0131 vesilesi ile bir mesaj yay\u0131nlayan Marmaris Belediye Ba\u015fkan\u0131 Acar \u00dcnl\u00fc; &#8220;Payla\u015fma ve yard\u0131mla\u015fman\u0131n mutlulu\u011funu en g\u00fczel&#8230;<\/p>\n","protected":false},"author":1,"featured_media":23286,"comment_status":"open","ping_status":"open","sticky":false,"template":"","format":"standard","meta":{"_crdt_document":"","footnotes":""},"categories":[1],"tags":[],"class_list":["post-23285","post","type-post","status-publish","format-standard","has-post-thumbnail","hentry","category-guncel"],"_links":{"self":[{"href":"https:\/\/www.egemtv.com\/index.php?rest_route=\/wp\/v2\/posts\/23285","targetHints":{"allow":["GET"]}}],"collection":[{"href":"https:\/\/www.egemtv.com\/index.php?rest_route=\/wp\/v2\/posts"}],"about":[{"href":"https:\/\/www.egemtv.com\/index.php?rest_route=\/wp\/v2\/types\/post"}],"author":[{"embeddable":true,"href":"https:\/\/www.egemtv.com\/index.php?rest_route=\/wp\/v2\/users\/1"}],"replies":[{"embeddable":true,"href":"https:\/\/www.egemtv.com\/index.php?rest_route=%2Fwp%2Fv2%2Fcomments&post=23285"}],"version-history":[{"count":1,"href":"https:\/\/www.egemtv.com\/index.php?rest_route=\/wp\/v2\/posts\/23285\/revisions"}],"predecessor-version":[{"id":23287,"href":"https:\/\/www.egemtv.com\/index.php?rest_route=\/wp\/v2\/posts\/23285\/revisions\/23287"}],"wp:featuredmedia":[{"embeddable":true,"href":"https:\/\/www.egemtv.com\/index.php?rest_route=\/wp\/v2\/media\/23286"}],"wp:attachment":[{"href":"https:\/\/www.egemtv.com\/index.php?rest_route=%2Fwp%2Fv2%2Fmedia&parent=23285"}],"wp:term":[{"taxonomy":"category","embeddable":true,"href":"https:\/\/www.egemtv.com\/index.php?rest_route=%2Fwp%2Fv2%2Fcategories&post=23285"},{"taxonomy":"post_tag","embeddable":true,"href":"https:\/\/www.egemtv.com\/index.php?rest_route=%2Fwp%2Fv2%2Ftags&post=23285"}],"curies":[{"name":"wp","href":"https:\/\/api.w.org\/{rel}","templated":true}]}}