{"id":23252,"date":"2025-03-01T12:49:44","date_gmt":"2025-03-01T09:49:44","guid":{"rendered":"https:\/\/www.egemtv.com\/?p=23252"},"modified":"2025-03-01T12:49:48","modified_gmt":"2025-03-01T09:49:48","slug":"manisanin-asirlik-gelenegine-cografi-tescil-belgesi","status":"publish","type":"post","link":"https:\/\/www.egemtv.com\/?p=23252","title":{"rendered":"Manisa\u2019n\u0131n as\u0131rl\u0131k gelene\u011fine Co\u011frafi Tescil Belgesi"},"content":{"rendered":"<p>Manisa\u2019n\u0131n Salihli il\u00e7esinin G\u00f6key\u00fcp Mahallesi\u2019nde volkanik kayalardan yap\u0131lan ve b\u00f6lgenin en \u00f6nemli kazan\u00e7 kaynaklar\u0131ndan biri olan \u2018G\u00f6key\u00fcp \u00c7\u00f6mle\u011fi\u2019 Salihli Ticaret ve Sanayi Odas\u0131\u2019n\u0131n giri\u015fimleri ile co\u011frafi i\u015faret tescili ald\u0131.<br \/>\n<br \/>Salihli Ticaret ve Sanayi Odas\u0131\u2019n\u0131n tescil ald\u0131\u011f\u0131 \u00fcr\u00fcn say\u0131s\u0131 Salihli Kiraz\u0131, Salihli Odun K\u00f6ftesi, Kula Leblebisi ve G\u00f6key\u00fcp \u00c7\u00f6mle\u011fi ile birlikte 4\u2019e y\u00fckselmi\u015f oldu. Odan\u0131n son olarak 2022 y\u0131l\u0131n\u0131n A\u011fustos ay\u0131nda yapt\u0131\u011f\u0131 ba\u015fvuru, 2 y\u0131l\u0131 a\u015fk\u0131n inceleme s\u00fcrecini tamamlayarak, ge\u00e7ti\u011fimiz g\u00fcnlerde T\u00fcrk Patent ve Marka Kurumu taraf\u0131ndan kabul edildi. G\u00f6key\u00fcp \u00c7\u00f6mle\u011fi co\u011frafi i\u015faret tescilli \u00fcr\u00fcnlere dahil oldu. Salihli TSO\u2019da konuyla ilgili d\u00fczenlenen tan\u0131t\u0131m toplant\u0131s\u0131na Salihli Kaymakam\u0131 Ali G\u00fcldo\u011fan, Salihli Belediye Ba\u015fkan\u0131 Mazlum Nurlu, \u0130l\u00e7e Emniyet M\u00fcd\u00fcr\u00fc Burhan Demirk\u0131ran, \u0130l\u00e7e Tar\u0131m ve Orman M\u00fcd\u00fcr\u00fc Ali Demir, \u0130l\u00e7e Milli E\u011fitim M\u00fcd\u00fcr\u00fc Mahmut Yenen, \u0130l\u00e7e Ziraat Odas\u0131 Ba\u015fkan\u0131 Cem Yalva\u00e7, Salihli Ticaret Borsas\u0131 Ba\u015fkan\u0131 Yeti\u015f Aksoy, meslek odalar\u0131 ba\u015fkanlar\u0131 ve meclis \u00fcyeleri kat\u0131ld\u0131. Sardes Konferans Salonu\u2019nda d\u00fczenlenen toplant\u0131da, y\u00f6resel \u00fcr\u00fcnleri tescil korumas\u0131na alarak de\u011ferini art\u0131rd\u0131klar\u0131n\u0131 belirten Salihli TSO Y\u00f6netim Kurulu Ba\u015fkan\u0131 \u0130brahim Y\u00fcksel, yapt\u0131\u011f\u0131 konu\u015fmada G\u00f6key\u00fcp \u00c7\u00f6mle\u011fi\u2019nin de tescilli \u00fcr\u00fcnler kervan\u0131na dahil olmas\u0131ndan b\u00fcy\u00fck mutluluk duyduklar\u0131n\u0131 ifade etti. Y\u00fcksel, &#8220;Bir \u00fcr\u00fcne co\u011frafi tescil almak o \u00fcr\u00fcn\u00fcn de\u011ferini art\u0131r\u0131yor. Salihli Kiraz\u0131 ve Odun K\u00f6fte\u2019ye 2007 y\u0131l\u0131nda; Kula Leblebisi\u2019ne de 2019 y\u0131l\u0131nda Odam\u0131z taraf\u0131ndan co\u011frafi tescil alm\u0131\u015ft\u0131k. 2022 y\u0131l\u0131nda G\u00f6key\u00fcp \u00c7\u00f6mle\u011fi ve Sultaniye \u00dcz\u00fcm Pekmezi i\u00e7in de T\u00fcrk Patent ve Marka Kurumu\u2019na ba\u015fvuru yapt\u0131k. Ge\u00e7ti\u011fimiz g\u00fcnlerde G\u00f6key\u00fcp \u00c7\u00f6mle\u011fi\u2019ne ba\u015fvurumuz onayland\u0131. Pekmeze de en k\u0131sa zamanda onay almay\u0131 bekliyoruz. G\u00f6key\u00fcp\u2019e ve Salihli\u2019ye hay\u0131rl\u0131 olsun.&#8221;<br \/>\n<br \/>Salihli Kaymakam\u0131 Ali G\u00fcldo\u011fan, hay\u0131rl\u0131 bir haberi payla\u015fmak amac\u0131yla bir araya geldiklerini belirterek, \u00fcr\u00fcnlere co\u011frafi tescil alman\u0131n olumlu etkilerinden bahsetti. G\u00f6key\u00fcp\u2019\u00fc ziyaret etti\u011fini ve b\u00fcy\u00fck emeklerle meydana getirilen \u00e7\u00f6mleklerin tan\u0131t\u0131ma e\u015fsiz yararlar sa\u011flayaca\u011f\u0131na inand\u0131\u011f\u0131n\u0131 vurgulayan G\u00fcldo\u011fan, &#8220;K\u00fclt\u00fcrel miras\u0131m\u0131z\u0131n korunmas\u0131 ve gelece\u011fe aktar\u0131lmas\u0131 \u00e7ok \u00f6nemlidir. Bu k\u00fclt\u00fcrel miras, turizmin canland\u0131r\u0131lmas\u0131nda \u00f6nemli bir rol oynayacak. B\u00f6lgemizin turizm potansiyelini \u00f6n plana \u00e7\u0131karmak i\u00e7in bu t\u00fcr tan\u0131t\u0131mlara b\u00fcy\u00fck ihtiya\u00e7 var&#8221; dedi.<br \/>\n<br \/>Toplant\u0131ya G\u00f6key\u00fcp\u2019ten gelen mahalleli kad\u0131nlarla birlikte kat\u0131lan G\u00f6key\u00fcp Muhtar\u0131 Ramazan \u00d6zdemir, \u00e7\u00f6mle\u011fin hammaddesi olan kil ve yakacak odun temininde kar\u015f\u0131la\u015ft\u0131klar\u0131 s\u0131k\u0131nt\u0131lar hakk\u0131nda bir konu\u015fma yaparak, bu konuda yard\u0131m istedi.<br \/>\n<br \/>Toplant\u0131 sonunda G\u00f6key\u00fcpl\u00fc kad\u0131nlar\u0131n da kat\u0131l\u0131m\u0131yla \u00e7\u00f6mleklerle birlikte hat\u0131ra foto\u011fraf\u0131 \u00e7ekimi yap\u0131ld\u0131.<br \/><\/p>\n","protected":false},"excerpt":{"rendered":"<p>Manisa\u2019n\u0131n Salihli il\u00e7esinin G\u00f6key\u00fcp Mahallesi\u2019nde volkanik kayalardan yap\u0131lan ve b\u00f6lgenin en \u00f6nemli kazan\u00e7 kaynaklar\u0131ndan biri olan \u2018G\u00f6key\u00fcp \u00c7\u00f6mle\u011fi\u2019 Salihli Ticaret ve Sanayi Odas\u0131\u2019n\u0131n giri\u015fimleri ile co\u011frafi i\u015faret tescili ald\u0131. Salihli Ticaret ve Sanayi Odas\u0131\u2019n\u0131n tescil ald\u0131\u011f\u0131 \u00fcr\u00fcn say\u0131s\u0131 Salihli Kiraz\u0131, Salihli Odun K\u00f6ftesi, Kula Leblebisi ve G\u00f6key\u00fcp \u00c7\u00f6mle\u011fi ile birlikte 4\u2019e y\u00fckselmi\u015f oldu. Odan\u0131n son&#8230;<\/p>\n","protected":false},"author":1,"featured_media":23253,"comment_status":"open","ping_status":"open","sticky":false,"template":"","format":"standard","meta":{"_crdt_document":"","footnotes":""},"categories":[1],"tags":[],"class_list":["post-23252","post","type-post","status-publish","format-standard","has-post-thumbnail","hentry","category-guncel"],"_links":{"self":[{"href":"https:\/\/www.egemtv.com\/index.php?rest_route=\/wp\/v2\/posts\/23252","targetHints":{"allow":["GET"]}}],"collection":[{"href":"https:\/\/www.egemtv.com\/index.php?rest_route=\/wp\/v2\/posts"}],"about":[{"href":"https:\/\/www.egemtv.com\/index.php?rest_route=\/wp\/v2\/types\/post"}],"author":[{"embeddable":true,"href":"https:\/\/www.egemtv.com\/index.php?rest_route=\/wp\/v2\/users\/1"}],"replies":[{"embeddable":true,"href":"https:\/\/www.egemtv.com\/index.php?rest_route=%2Fwp%2Fv2%2Fcomments&post=23252"}],"version-history":[{"count":1,"href":"https:\/\/www.egemtv.com\/index.php?rest_route=\/wp\/v2\/posts\/23252\/revisions"}],"predecessor-version":[{"id":23254,"href":"https:\/\/www.egemtv.com\/index.php?rest_route=\/wp\/v2\/posts\/23252\/revisions\/23254"}],"wp:featuredmedia":[{"embeddable":true,"href":"https:\/\/www.egemtv.com\/index.php?rest_route=\/wp\/v2\/media\/23253"}],"wp:attachment":[{"href":"https:\/\/www.egemtv.com\/index.php?rest_route=%2Fwp%2Fv2%2Fmedia&parent=23252"}],"wp:term":[{"taxonomy":"category","embeddable":true,"href":"https:\/\/www.egemtv.com\/index.php?rest_route=%2Fwp%2Fv2%2Fcategories&post=23252"},{"taxonomy":"post_tag","embeddable":true,"href":"https:\/\/www.egemtv.com\/index.php?rest_route=%2Fwp%2Fv2%2Ftags&post=23252"}],"curies":[{"name":"wp","href":"https:\/\/api.w.org\/{rel}","templated":true}]}}