{"id":23249,"date":"2025-03-01T12:49:32","date_gmt":"2025-03-01T09:49:32","guid":{"rendered":"https:\/\/www.egemtv.com\/?p=23249"},"modified":"2025-03-01T12:49:43","modified_gmt":"2025-03-01T09:49:43","slug":"menderes-nehrini-kirleten-firma-cezadan-kacamadi","status":"publish","type":"post","link":"https:\/\/www.egemtv.com\/?p=23249","title":{"rendered":"Menderes Nehri\u2019ni kirleten firma cezadan ka\u00e7amad\u0131"},"content":{"rendered":"<p>Ayd\u0131n\u2019\u0131n Kuyucak il\u00e7esinde jandarma ekiplerince bir firmaya ait 2 adet vidanj\u00f6r\u00fcn at\u0131klar\u0131n\u0131 Menderes Nehri\u2019ne d\u00f6kt\u00fc\u011f\u00fcn\u00fcn tespit edilmesi \u00fczerine firmaya 18 bin 48 TL idari para cezas\u0131 uyguland\u0131.<br \/>\n<br \/>Olay, Kuyucak il\u00e7esi Yamalak Mahallesi\u2019nde meydana geldi. Edinilen bilgiye g\u00f6re Ayd\u0131n \u0130l Jandarma Komutanl\u0131\u011f\u0131 \u00c7evre Do\u011fa ve Hayvanlar\u0131 Koruma Timi ve Kuyucak \u0130l\u00e7e Jandarma Komutanl\u0131\u011f\u0131nca bir firmaya ait 2 adet vidanj\u00f6r\u00fcn tarla sahibinin bilgisi dahilinde at\u0131klar\u0131 d\u00f6kerek Menderes Nehri\u2019ni kirletti\u011fi tespit edildi. \u00c7evre, \u015eehircilik ve \u0130klim De\u011fi\u015fikli\u011fi \u0130l M\u00fcd\u00fcrl\u00fc\u011f\u00fcnce i\u015flem yap\u0131lmak \u00fczere evrak tanzim edilerek Trafik Jandarmas\u0131 taraf\u0131ndan ara\u00e7lara 18 bin 48 TL trafik idari para cezas\u0131 uyguland\u0131. Konuyla ilgili adli ve idari s\u00fcre\u00e7 ba\u015flat\u0131ld\u0131.<br \/><\/p>\n","protected":false},"excerpt":{"rendered":"<p>Ayd\u0131n\u2019\u0131n Kuyucak il\u00e7esinde jandarma ekiplerince bir firmaya ait 2 adet vidanj\u00f6r\u00fcn at\u0131klar\u0131n\u0131 Menderes Nehri\u2019ne d\u00f6kt\u00fc\u011f\u00fcn\u00fcn tespit edilmesi \u00fczerine firmaya 18 bin 48 TL idari para cezas\u0131 uyguland\u0131. Olay, Kuyucak il\u00e7esi Yamalak Mahallesi\u2019nde meydana geldi. Edinilen bilgiye g\u00f6re Ayd\u0131n \u0130l Jandarma Komutanl\u0131\u011f\u0131 \u00c7evre Do\u011fa ve Hayvanlar\u0131 Koruma Timi ve Kuyucak \u0130l\u00e7e Jandarma Komutanl\u0131\u011f\u0131nca bir firmaya ait&#8230;<\/p>\n","protected":false},"author":1,"featured_media":23250,"comment_status":"open","ping_status":"open","sticky":false,"template":"","format":"standard","meta":{"_crdt_document":"","footnotes":""},"categories":[5],"tags":[],"class_list":["post-23249","post","type-post","status-publish","format-standard","has-post-thumbnail","hentry","category-asayis"],"_links":{"self":[{"href":"https:\/\/www.egemtv.com\/index.php?rest_route=\/wp\/v2\/posts\/23249","targetHints":{"allow":["GET"]}}],"collection":[{"href":"https:\/\/www.egemtv.com\/index.php?rest_route=\/wp\/v2\/posts"}],"about":[{"href":"https:\/\/www.egemtv.com\/index.php?rest_route=\/wp\/v2\/types\/post"}],"author":[{"embeddable":true,"href":"https:\/\/www.egemtv.com\/index.php?rest_route=\/wp\/v2\/users\/1"}],"replies":[{"embeddable":true,"href":"https:\/\/www.egemtv.com\/index.php?rest_route=%2Fwp%2Fv2%2Fcomments&post=23249"}],"version-history":[{"count":1,"href":"https:\/\/www.egemtv.com\/index.php?rest_route=\/wp\/v2\/posts\/23249\/revisions"}],"predecessor-version":[{"id":23251,"href":"https:\/\/www.egemtv.com\/index.php?rest_route=\/wp\/v2\/posts\/23249\/revisions\/23251"}],"wp:featuredmedia":[{"embeddable":true,"href":"https:\/\/www.egemtv.com\/index.php?rest_route=\/wp\/v2\/media\/23250"}],"wp:attachment":[{"href":"https:\/\/www.egemtv.com\/index.php?rest_route=%2Fwp%2Fv2%2Fmedia&parent=23249"}],"wp:term":[{"taxonomy":"category","embeddable":true,"href":"https:\/\/www.egemtv.com\/index.php?rest_route=%2Fwp%2Fv2%2Fcategories&post=23249"},{"taxonomy":"post_tag","embeddable":true,"href":"https:\/\/www.egemtv.com\/index.php?rest_route=%2Fwp%2Fv2%2Ftags&post=23249"}],"curies":[{"name":"wp","href":"https:\/\/api.w.org\/{rel}","templated":true}]}}