{"id":23246,"date":"2025-03-01T12:49:24","date_gmt":"2025-03-01T09:49:24","guid":{"rendered":"https:\/\/www.egemtv.com\/?p=23246"},"modified":"2025-03-01T12:49:32","modified_gmt":"2025-03-01T09:49:32","slug":"mugla-buyuksehirin-destegiyle-bodrum-boat-show-fuari-ekimde-yapilacak","status":"publish","type":"post","link":"https:\/\/www.egemtv.com\/?p=23246","title":{"rendered":"Mu\u011fla B\u00fcy\u00fck\u015fehir\u2019in deste\u011fiyle \u2018Bodrum Boat Show Fuar\u0131\u2019 Ekim\u2019de yap\u0131lacak"},"content":{"rendered":"<p>Bodrum, Mu\u011fla B\u00fcy\u00fck\u015fehir Belediyesi\u2019nin de destekledi\u011fi yat\u00e7\u0131l\u0131k ve deniz turizmi alan\u0131nda ulusal, uluslararas\u0131 alanda b\u00fcy\u00fck yank\u0131 uyand\u0131racak bir organizasyona ev sahipli\u011fi yapmaya haz\u0131rlan\u0131yor.<br \/>\n<br \/>15-19 Ekim 2025 tarihlerinde d\u00fczenlenecek Bodrum Boat Show Fuar\u0131, denizcilik sekt\u00f6r\u00fcn\u00fcn \u00f6nde gelen temsilcilerini bir araya getirecek. Fuar, Bodrum\u2019un d\u00fcnya \u00e7ap\u0131ndaki yat\u00e7\u0131l\u0131k merkezi kimli\u011fini daha da peki\u015ftirmeyi hedefliyor. Fuarda 200\u2019den fazla tekne ve 500\u2019den fazla marka yer alacak.<br \/>\n<br \/>Ba\u015fkan Tamer Mandalinci, &#8220;Fuar Bodrum i\u00e7in b\u00fcy\u00fck bir \u015fans&#8221;<br \/>\n<br \/>Bodrum Belediye Ba\u015fkan\u0131 Tamer Mandalinci ise, bu organizasyonun hem yerel hem de uluslararas\u0131 denizcilik sekt\u00f6r\u00fcne \u00f6nemli katk\u0131lar sunaca\u011f\u0131n\u0131 vurgulayarak, &#8220;Bug\u00fcn Bodrum\u2019un ge\u00e7mi\u015ften ald\u0131\u011f\u0131 miras\u0131 gelece\u011fe ta\u015f\u0131yacak ve gelece\u011fe yeni bir y\u00f6n yer verecek 15-19 Ekim 2025 tarihlerinde ger\u00e7ekle\u015ftirilecek Bodrum Boat Show Fuar\u0131\u2019n\u0131n tan\u0131t\u0131m\u0131n\u0131 yap\u0131yoruz. Bu fuar, denizcilik sekt\u00f6r\u00fcm\u00fcz\u00fcn ulusal ve uluslararas\u0131 tan\u0131t\u0131m\u0131 i\u00e7in b\u00fcy\u00fck \u00f6neme sahip. Bodrum\u2019un denizcilik alan\u0131ndaki de\u011ferini daha da ileri ta\u015f\u0131mak i\u00e7in Mu\u011fla B\u00fcy\u00fck\u015fehir Belediye Ba\u015fkan\u0131m\u0131z Ahmet Aras\u2019\u0131n ve \u0130MEAK Deniz Ticaret Odas\u0131\u2019n\u0131n da deste\u011fiyle Bodrum Boat Show\u2019u hayata ge\u00e7irece\u011fiz. Boat Show Fuar\u0131, yerelde denizcili\u011fi ve buna ba\u011fl\u0131 kollar\u0131 yerelde daha da b\u00fcy\u00fctmek, sekt\u00f6r\u00fcn temsilcilerini yerinde bir araya getirmek i\u00e7in b\u00fcy\u00fck bir f\u0131rsat. Bu f\u0131rsatta eme\u011fi ge\u00e7en herkese bu sebeple \u00e7ok te\u015fekk\u00fcr ediyorum&#8221; dedi.<br \/>\n<br \/>Ba\u015fkan Aras, &#8220;Bodrum binlerce y\u0131ll\u0131k denizcilik k\u00fclt\u00fcr\u00fcyle \u015fekillenmi\u015f bir \u015fehir&#8221;<br \/>\n<br \/>Mu\u011fla B\u00fcy\u00fck\u015fehir Belediye Ba\u015fkan\u0131 Ahmet Aras, Bodrum\u2019un binlerce y\u0131ll\u0131k denizcilik k\u00fclt\u00fcr\u00fcyle \u015fekillenmi\u015f bir \u015fehir oldu\u011funu belirterek, &#8220;\u0130MEAK Deniz Ticaret Odam\u0131zla birlikte d\u00fczenleyece\u011fimiz Bodrum Boat Show Fuar\u0131, Bodrum\u2019un d\u00fcnya \u00e7ap\u0131ndaki yat\u00e7\u0131l\u0131k merkezi kimli\u011fini daha da g\u00fc\u00e7lendirecek, sekt\u00f6re ivme kazand\u0131racak b\u00fcy\u00fck bir bulu\u015fma olacak. Bodrum binlerce y\u0131ll\u0131k denizcilik k\u00fclt\u00fcr\u00fcyle \u015fekillenmi\u015f bir \u015fehir. Fakat yapaca\u011f\u0131m\u0131z Boat Show Fuar\u0131, kolektif bir i\u015f. Herkesin destek vermesi gereken bir fuar. Biz de istedik ki Bodrum kimsesiz kalmas\u0131n, bunu yapmak i\u00e7inde birlik ve beraberlik i\u00e7inde \u00e7al\u0131\u015fmam\u0131z gerekiyor. Bodrum denizcilik k\u00fclt\u00fcr\u00fc ve ge\u00e7mi\u015fi ile bu fuara en donan\u0131ml\u0131 \u015fekilde ev sahipli\u011fi yapacak. 15-19 Ekim tarihleri ger\u00e7ekle\u015ftirilecek bu fuar ile Bodrum Cup\u2019ta oldu\u011fu i\u00e7in ekim ay\u0131n\u0131 dolu dolu ge\u00e7irece\u011fiz&#8221; ifadelerini kulland\u0131.<br \/>\n<br \/>Ba\u015fkan Aras, &#8220;Bodrum\u2019un sorunlar\u0131n\u0131n fark\u0131nday\u0131z&#8221;<br \/>\n<br \/>Bodrum\u2019da olan sorunlar\u0131n fark\u0131nda olduklar\u0131n\u0131 ve \u00e7al\u0131\u015fmalar yapacaklar\u0131n\u0131 belirten Ba\u015fkan Ahmet Aras, &#8220;Bodrum\u2019da denizlerde ve di\u011fer y\u00f6nlerde s\u0131k\u0131nt\u0131lar\u0131n oldu\u011funu biliyoruz. Yaln\u0131zca Bodrum\u2019da de\u011fil her yerde benzeri sorunlar var. Sorunlar\u0131 unutmu\u015f de\u011filiz ve \u00e7al\u0131\u015fmalar\u0131m\u0131z\u0131 yapaca\u011f\u0131z. Bu fuar\u0131 yaparken \u00e7evre taraf\u0131n\u0131 da unutmam\u0131z laz\u0131m. Denizlerimizin korunmas\u0131, ekosistemin s\u00fcrd\u00fcr\u00fclebilirli\u011fi, at\u0131k y\u00f6netimi ve mavi ekonomi projelerimizle gelece\u011fin denizcili\u011fini in\u015fa etmeye \u00e7al\u0131\u015f\u0131yoruz. \u00c7\u00fcnk\u00fc biliyoruz ki, denizleri korumadan turizmi ve ekonomiyi b\u00fcy\u00fctmek m\u00fcmk\u00fcn de\u011fildir&#8221; dedi.<br \/><\/p>\n","protected":false},"excerpt":{"rendered":"<p>Bodrum, Mu\u011fla B\u00fcy\u00fck\u015fehir Belediyesi\u2019nin de destekledi\u011fi yat\u00e7\u0131l\u0131k ve deniz turizmi alan\u0131nda ulusal, uluslararas\u0131 alanda b\u00fcy\u00fck yank\u0131 uyand\u0131racak bir organizasyona ev sahipli\u011fi yapmaya haz\u0131rlan\u0131yor. 15-19 Ekim 2025 tarihlerinde d\u00fczenlenecek Bodrum Boat Show Fuar\u0131, denizcilik sekt\u00f6r\u00fcn\u00fcn \u00f6nde gelen temsilcilerini bir araya getirecek. Fuar, Bodrum\u2019un d\u00fcnya \u00e7ap\u0131ndaki yat\u00e7\u0131l\u0131k merkezi kimli\u011fini daha da peki\u015ftirmeyi hedefliyor. Fuarda 200\u2019den fazla tekne&#8230;<\/p>\n","protected":false},"author":1,"featured_media":23247,"comment_status":"open","ping_status":"open","sticky":false,"template":"","format":"standard","meta":{"_crdt_document":"","footnotes":""},"categories":[125],"tags":[],"class_list":["post-23246","post","type-post","status-publish","format-standard","has-post-thumbnail","hentry","category-ekonomi"],"_links":{"self":[{"href":"https:\/\/www.egemtv.com\/index.php?rest_route=\/wp\/v2\/posts\/23246","targetHints":{"allow":["GET"]}}],"collection":[{"href":"https:\/\/www.egemtv.com\/index.php?rest_route=\/wp\/v2\/posts"}],"about":[{"href":"https:\/\/www.egemtv.com\/index.php?rest_route=\/wp\/v2\/types\/post"}],"author":[{"embeddable":true,"href":"https:\/\/www.egemtv.com\/index.php?rest_route=\/wp\/v2\/users\/1"}],"replies":[{"embeddable":true,"href":"https:\/\/www.egemtv.com\/index.php?rest_route=%2Fwp%2Fv2%2Fcomments&post=23246"}],"version-history":[{"count":1,"href":"https:\/\/www.egemtv.com\/index.php?rest_route=\/wp\/v2\/posts\/23246\/revisions"}],"predecessor-version":[{"id":23248,"href":"https:\/\/www.egemtv.com\/index.php?rest_route=\/wp\/v2\/posts\/23246\/revisions\/23248"}],"wp:featuredmedia":[{"embeddable":true,"href":"https:\/\/www.egemtv.com\/index.php?rest_route=\/wp\/v2\/media\/23247"}],"wp:attachment":[{"href":"https:\/\/www.egemtv.com\/index.php?rest_route=%2Fwp%2Fv2%2Fmedia&parent=23246"}],"wp:term":[{"taxonomy":"category","embeddable":true,"href":"https:\/\/www.egemtv.com\/index.php?rest_route=%2Fwp%2Fv2%2Fcategories&post=23246"},{"taxonomy":"post_tag","embeddable":true,"href":"https:\/\/www.egemtv.com\/index.php?rest_route=%2Fwp%2Fv2%2Ftags&post=23246"}],"curies":[{"name":"wp","href":"https:\/\/api.w.org\/{rel}","templated":true}]}}