{"id":23240,"date":"2025-03-01T12:26:50","date_gmt":"2025-03-01T09:26:50","guid":{"rendered":"https:\/\/www.egemtv.com\/?p=23240"},"modified":"2025-03-01T12:26:56","modified_gmt":"2025-03-01T09:26:56","slug":"aydinda-34-aranan-sahis-yakalandi","status":"publish","type":"post","link":"https:\/\/www.egemtv.com\/?p=23240","title":{"rendered":"Ayd\u0131n\u2019da 34 aranan \u015fah\u0131s yakaland\u0131"},"content":{"rendered":"<p>Ayd\u0131n\u2019da jandarma ekiplerince yap\u0131lan \u00e7al\u0131\u015fmalar sonunda \u00e7e\u015fitli su\u00e7lardan aranan 34 ki\u015fi yakaland\u0131.<br \/>\n<br \/>Ayd\u0131n \u0130l Jandarma Komutanl\u0131\u011f\u0131 JASAT Timleri ve \u0130l\u00e7e Jandarma Komutanlar\u0131 taraf\u0131ndan hakk\u0131nda yakalama karar\u0131 bulunan \u015fah\u0131slara y\u00f6nelik koordineli \u00e7al\u0131\u015fma ger\u00e7ekle\u015ftirildi. Yap\u0131lan iki g\u00fcnl\u00fck \u00e7al\u0131\u015fmalarda 0-2 y\u0131l aras\u0131 hapis cezas\u0131 ile aranmakta olan 5 \u015fah\u0131s, 2-5 y\u0131l aras\u0131 hapis cezas\u0131 ile aranmakta olan 9 \u015fah\u0131s, 5-10 y\u0131l aras\u0131 hapis cezas\u0131 ile aranmakta olan 7 \u015fah\u0131s, 10-20 y\u0131l aras\u0131 hapis cezas\u0131 ile aranmakta olan 1 \u015fah\u0131s ve ifadeye y\u00f6nelik aranan 12 \u015fah\u0131s yakaland\u0131. Yakalanan toplam 34 aranan \u015fah\u0131s aras\u0131nda doland\u0131r\u0131c\u0131l\u0131k su\u00e7undan 4 \u015fah\u0131s, uyu\u015fturucu su\u00e7undan 3 \u015fah\u0131s, cinsel su\u00e7lardan 3 \u015fah\u0131s, yaralama su\u00e7undan 2 \u015fah\u0131s, h\u0131rs\u0131zl\u0131k su\u00e7undan 2 \u015fah\u0131s, kasten \u00f6ld\u00fcrme su\u00e7undan 1 \u015fah\u0131s ve di\u011fer su\u00e7lardan 19 \u015fah\u0131s bulunurken, g\u00f6zalt\u0131na al\u0131nan \u015fah\u0131slar hakk\u0131nda ba\u015flat\u0131lan adli s\u00fcre\u00e7 devam ediyor.<br \/><\/p>\n","protected":false},"excerpt":{"rendered":"<p>Ayd\u0131n\u2019da jandarma ekiplerince yap\u0131lan \u00e7al\u0131\u015fmalar sonunda \u00e7e\u015fitli su\u00e7lardan aranan 34 ki\u015fi yakaland\u0131. Ayd\u0131n \u0130l Jandarma Komutanl\u0131\u011f\u0131 JASAT Timleri ve \u0130l\u00e7e Jandarma Komutanlar\u0131 taraf\u0131ndan hakk\u0131nda yakalama karar\u0131 bulunan \u015fah\u0131slara y\u00f6nelik koordineli \u00e7al\u0131\u015fma ger\u00e7ekle\u015ftirildi. Yap\u0131lan iki g\u00fcnl\u00fck \u00e7al\u0131\u015fmalarda 0-2 y\u0131l aras\u0131 hapis cezas\u0131 ile aranmakta olan 5 \u015fah\u0131s, 2-5 y\u0131l aras\u0131 hapis cezas\u0131 ile aranmakta olan 9&#8230;<\/p>\n","protected":false},"author":1,"featured_media":23241,"comment_status":"open","ping_status":"open","sticky":false,"template":"","format":"standard","meta":{"_crdt_document":"","footnotes":""},"categories":[5],"tags":[],"class_list":["post-23240","post","type-post","status-publish","format-standard","has-post-thumbnail","hentry","category-asayis"],"_links":{"self":[{"href":"https:\/\/www.egemtv.com\/index.php?rest_route=\/wp\/v2\/posts\/23240","targetHints":{"allow":["GET"]}}],"collection":[{"href":"https:\/\/www.egemtv.com\/index.php?rest_route=\/wp\/v2\/posts"}],"about":[{"href":"https:\/\/www.egemtv.com\/index.php?rest_route=\/wp\/v2\/types\/post"}],"author":[{"embeddable":true,"href":"https:\/\/www.egemtv.com\/index.php?rest_route=\/wp\/v2\/users\/1"}],"replies":[{"embeddable":true,"href":"https:\/\/www.egemtv.com\/index.php?rest_route=%2Fwp%2Fv2%2Fcomments&post=23240"}],"version-history":[{"count":1,"href":"https:\/\/www.egemtv.com\/index.php?rest_route=\/wp\/v2\/posts\/23240\/revisions"}],"predecessor-version":[{"id":23242,"href":"https:\/\/www.egemtv.com\/index.php?rest_route=\/wp\/v2\/posts\/23240\/revisions\/23242"}],"wp:featuredmedia":[{"embeddable":true,"href":"https:\/\/www.egemtv.com\/index.php?rest_route=\/wp\/v2\/media\/23241"}],"wp:attachment":[{"href":"https:\/\/www.egemtv.com\/index.php?rest_route=%2Fwp%2Fv2%2Fmedia&parent=23240"}],"wp:term":[{"taxonomy":"category","embeddable":true,"href":"https:\/\/www.egemtv.com\/index.php?rest_route=%2Fwp%2Fv2%2Fcategories&post=23240"},{"taxonomy":"post_tag","embeddable":true,"href":"https:\/\/www.egemtv.com\/index.php?rest_route=%2Fwp%2Fv2%2Ftags&post=23240"}],"curies":[{"name":"wp","href":"https:\/\/api.w.org\/{rel}","templated":true}]}}