{"id":23237,"date":"2025-03-01T12:09:20","date_gmt":"2025-03-01T09:09:20","guid":{"rendered":"https:\/\/www.egemtv.com\/?p=23237"},"modified":"2025-03-01T12:09:27","modified_gmt":"2025-03-01T09:09:27","slug":"karsiyaka-basketboldan-ust-uste-8-maglubiyet","status":"publish","type":"post","link":"https:\/\/www.egemtv.com\/?p=23237","title":{"rendered":"Kar\u015f\u0131yaka Basketbol\u2019dan \u00fcst \u00fcste 8. ma\u011flubiyet"},"content":{"rendered":"<p>Kar\u015f\u0131yaka, Basketbol S\u00fcper Ligi\u2019nin 19. haftas\u0131nda konuk etti\u011fi Be\u015fikta\u015f\u2019a 93-79 kaybederek \u00fcst \u00fcste 8. ma\u011flubiyetini ald\u0131.<br \/>\n<br \/>Basketbol S\u00fcper Ligi ekiplerinden Kar\u015f\u0131yaka, 19. haftada Be\u015fikta\u015f ile Mustafa Kemal Atat\u00fcrk Kar\u015f\u0131yaka Spor Salonu\u2019nda kar\u015f\u0131 kar\u015f\u0131ya geldi ve 93-79 ma\u011flup oldu. B\u00f6ylece ye\u015fil-k\u0131rm\u0131z\u0131l\u0131lar ligde \u00fcst \u00fcste 8. ma\u011flubiyetini ald\u0131. Kar\u015f\u0131yaka Basketbol Antren\u00f6r\u00fc Sinan Aksoylar da m\u00fcsabakaya dair a\u00e7\u0131klamalarda bulundu. Ma\u00e7a haz\u0131rlan\u0131rken, rakiplerinin temasl\u0131 ve sert oyununa kar\u015f\u0131 koymalar\u0131 gerekti\u011fini bildiklerini s\u00f6yleyen Aksoylar, &#8220;Bu do\u011frultuda \u00e7al\u0131\u015fmalar\u0131m\u0131z\u0131 s\u00fcrd\u00fcrd\u00fck. Zaman zaman bunu \u00e7ok iyi ba\u015farsak da, ma\u00e7a tam anlam\u0131yla yaymay\u0131 ba\u015faramad\u0131k. Milli tak\u0131m aras\u0131 nedeniyle tam kadro olarak antrenman yapamam\u0131\u015f olmam\u0131z, yeni oyuncumuzun tak\u0131ma kat\u0131lmas\u0131 ve sakat oyuncular\u0131m\u0131z\u0131n eksikli\u011fi, sahada birlikte hareket etmemizi zorla\u015ft\u0131rd\u0131. Ancak tak\u0131m olarak sahada daha fazla vakit ge\u00e7irip, antrenman yapt\u0131k\u00e7a \u00e7ok daha iyi bir seviyeye gelece\u011fimize inan\u0131yorum. Bizi trib\u00fcnde destekleyen t\u00fcm taraftarlar\u0131m\u0131za te\u015fekk\u00fcr ederiz&#8221; ifadelerini kulland\u0131.<br \/><\/p>\n","protected":false},"excerpt":{"rendered":"<p>Kar\u015f\u0131yaka, Basketbol S\u00fcper Ligi\u2019nin 19. haftas\u0131nda konuk etti\u011fi Be\u015fikta\u015f\u2019a 93-79 kaybederek \u00fcst \u00fcste 8. ma\u011flubiyetini ald\u0131. Basketbol S\u00fcper Ligi ekiplerinden Kar\u015f\u0131yaka, 19. haftada Be\u015fikta\u015f ile Mustafa Kemal Atat\u00fcrk Kar\u015f\u0131yaka Spor Salonu\u2019nda kar\u015f\u0131 kar\u015f\u0131ya geldi ve 93-79 ma\u011flup oldu. B\u00f6ylece ye\u015fil-k\u0131rm\u0131z\u0131l\u0131lar ligde \u00fcst \u00fcste 8. ma\u011flubiyetini ald\u0131. Kar\u015f\u0131yaka Basketbol Antren\u00f6r\u00fc Sinan Aksoylar da m\u00fcsabakaya dair a\u00e7\u0131klamalarda&#8230;<\/p>\n","protected":false},"author":1,"featured_media":23238,"comment_status":"open","ping_status":"open","sticky":false,"template":"","format":"standard","meta":{"_crdt_document":"","footnotes":""},"categories":[4],"tags":[],"class_list":["post-23237","post","type-post","status-publish","format-standard","has-post-thumbnail","hentry","category-spor"],"_links":{"self":[{"href":"https:\/\/www.egemtv.com\/index.php?rest_route=\/wp\/v2\/posts\/23237","targetHints":{"allow":["GET"]}}],"collection":[{"href":"https:\/\/www.egemtv.com\/index.php?rest_route=\/wp\/v2\/posts"}],"about":[{"href":"https:\/\/www.egemtv.com\/index.php?rest_route=\/wp\/v2\/types\/post"}],"author":[{"embeddable":true,"href":"https:\/\/www.egemtv.com\/index.php?rest_route=\/wp\/v2\/users\/1"}],"replies":[{"embeddable":true,"href":"https:\/\/www.egemtv.com\/index.php?rest_route=%2Fwp%2Fv2%2Fcomments&post=23237"}],"version-history":[{"count":1,"href":"https:\/\/www.egemtv.com\/index.php?rest_route=\/wp\/v2\/posts\/23237\/revisions"}],"predecessor-version":[{"id":23239,"href":"https:\/\/www.egemtv.com\/index.php?rest_route=\/wp\/v2\/posts\/23237\/revisions\/23239"}],"wp:featuredmedia":[{"embeddable":true,"href":"https:\/\/www.egemtv.com\/index.php?rest_route=\/wp\/v2\/media\/23238"}],"wp:attachment":[{"href":"https:\/\/www.egemtv.com\/index.php?rest_route=%2Fwp%2Fv2%2Fmedia&parent=23237"}],"wp:term":[{"taxonomy":"category","embeddable":true,"href":"https:\/\/www.egemtv.com\/index.php?rest_route=%2Fwp%2Fv2%2Fcategories&post=23237"},{"taxonomy":"post_tag","embeddable":true,"href":"https:\/\/www.egemtv.com\/index.php?rest_route=%2Fwp%2Fv2%2Ftags&post=23237"}],"curies":[{"name":"wp","href":"https:\/\/api.w.org\/{rel}","templated":true}]}}