{"id":23234,"date":"2025-03-01T12:09:15","date_gmt":"2025-03-01T09:09:15","guid":{"rendered":"https:\/\/www.egemtv.com\/?p=23234"},"modified":"2025-03-01T12:09:20","modified_gmt":"2025-03-01T09:09:20","slug":"muglada-teknik-personellere-yangin-egitimi-verildi","status":"publish","type":"post","link":"https:\/\/www.egemtv.com\/?p=23234","title":{"rendered":"Mu\u011fla\u2019da teknik personellere yang\u0131n e\u011fitimi verildi"},"content":{"rendered":"<p>Mu\u011fla Orman B\u00f6lge M\u00fcd\u00fcrl\u00fc\u011f\u00fc, orman yang\u0131nlar\u0131yla m\u00fccadelede teknik personelin bilgi ve yetkinli\u011fini art\u0131rmak amac\u0131yla e\u011fitim program\u0131 d\u00fczenledi.<\/p>\n<p>Orman Yang\u0131nlar\u0131yla M\u00fccadele (OYM) \u015eube M\u00fcd\u00fcrl\u00fc\u011f\u00fc taraf\u0131ndan ger\u00e7ekle\u015ftirilen e\u011fitimlerde, yang\u0131n s\u00f6nd\u00fcrme teknikleri, ORB\u0130S sistemine yang\u0131n verilerinin giri\u015f i\u015flemleri, yang\u0131n sicil fi\u015fi ve hasar raporu olu\u015fturma s\u00fcre\u00e7leri hakk\u0131nda detayl\u0131 bilgilendirme yap\u0131ld\u0131. Fethiye\u2019de d\u00fczenlenen e\u011fitimlere, Mu\u011fla Orman B\u00f6lge M\u00fcd\u00fcr\u00fc Mustafa \u00dclk\u00fcd\u00fcr ve B\u00f6lge M\u00fcd\u00fcr Yard\u0131mc\u0131s\u0131 \u00d6zg\u00fcr C\u0131l\u0131z da kat\u0131ld\u0131. Programda OYM \u015eube M\u00fcd\u00fcr\u00fc Fedai Erdemli, \u015eube M\u00fchendisleri Mehmet Oru\u00e7 ve \u0130lker Yaslan taraf\u0131ndan sunumlar yap\u0131larak teknik elemanlara detayl\u0131 bilgiler aktar\u0131ld\u0131. 2024 y\u0131l\u0131 i\u00e7erisinde meydana gelen orman yang\u0131nlar\u0131 da g\u00f6rseller e\u015fli\u011finde de\u011ferlendirilerek, sahada kar\u015f\u0131la\u015f\u0131lan sorunlar ve \u00e7\u00f6z\u00fcm \u00f6nerileri masaya yat\u0131r\u0131ld\u0131.<\/p>\n<p>E\u011fitimlere Mu\u011fla Orman B\u00f6lge M\u00fcd\u00fcrl\u00fc\u011f\u00fc\u2019ne ba\u011fl\u0131 12 Orman \u0130\u015fletme M\u00fcd\u00fcrl\u00fc\u011f\u00fcnde g\u00f6rev yapan \u0130\u015fletme M\u00fcd\u00fcrleri, M\u00fcd\u00fcr Yard\u0131mc\u0131lar\u0131, \u0130\u015fletme \u015eefleri ve teknik personel kat\u0131ld\u0131. Mu\u011fla Orman B\u00f6lge M\u00fcd\u00fcrl\u00fc\u011f\u00fc, orman yang\u0131nlar\u0131yla m\u00fccadelede etkinli\u011fi art\u0131rmak ve personelin yetkinli\u011fini g\u00fc\u00e7lendirmek ad\u0131na e\u011fitim \u00e7al\u0131\u015fmalar\u0131na devam edece\u011fini belirtti.<br \/><\/p>\n","protected":false},"excerpt":{"rendered":"<p>Mu\u011fla Orman B\u00f6lge M\u00fcd\u00fcrl\u00fc\u011f\u00fc, orman yang\u0131nlar\u0131yla m\u00fccadelede teknik personelin bilgi ve yetkinli\u011fini art\u0131rmak amac\u0131yla e\u011fitim program\u0131 d\u00fczenledi. Orman Yang\u0131nlar\u0131yla M\u00fccadele (OYM) \u015eube M\u00fcd\u00fcrl\u00fc\u011f\u00fc taraf\u0131ndan ger\u00e7ekle\u015ftirilen e\u011fitimlerde, yang\u0131n s\u00f6nd\u00fcrme teknikleri, ORB\u0130S sistemine yang\u0131n verilerinin giri\u015f i\u015flemleri, yang\u0131n sicil fi\u015fi ve hasar raporu olu\u015fturma s\u00fcre\u00e7leri hakk\u0131nda detayl\u0131 bilgilendirme yap\u0131ld\u0131. Fethiye\u2019de d\u00fczenlenen e\u011fitimlere, Mu\u011fla Orman B\u00f6lge M\u00fcd\u00fcr\u00fc Mustafa&#8230;<\/p>\n","protected":false},"author":1,"featured_media":23235,"comment_status":"open","ping_status":"open","sticky":false,"template":"","format":"standard","meta":{"_crdt_document":"","footnotes":""},"categories":[1],"tags":[],"class_list":["post-23234","post","type-post","status-publish","format-standard","has-post-thumbnail","hentry","category-guncel"],"_links":{"self":[{"href":"https:\/\/www.egemtv.com\/index.php?rest_route=\/wp\/v2\/posts\/23234","targetHints":{"allow":["GET"]}}],"collection":[{"href":"https:\/\/www.egemtv.com\/index.php?rest_route=\/wp\/v2\/posts"}],"about":[{"href":"https:\/\/www.egemtv.com\/index.php?rest_route=\/wp\/v2\/types\/post"}],"author":[{"embeddable":true,"href":"https:\/\/www.egemtv.com\/index.php?rest_route=\/wp\/v2\/users\/1"}],"replies":[{"embeddable":true,"href":"https:\/\/www.egemtv.com\/index.php?rest_route=%2Fwp%2Fv2%2Fcomments&post=23234"}],"version-history":[{"count":1,"href":"https:\/\/www.egemtv.com\/index.php?rest_route=\/wp\/v2\/posts\/23234\/revisions"}],"predecessor-version":[{"id":23236,"href":"https:\/\/www.egemtv.com\/index.php?rest_route=\/wp\/v2\/posts\/23234\/revisions\/23236"}],"wp:featuredmedia":[{"embeddable":true,"href":"https:\/\/www.egemtv.com\/index.php?rest_route=\/wp\/v2\/media\/23235"}],"wp:attachment":[{"href":"https:\/\/www.egemtv.com\/index.php?rest_route=%2Fwp%2Fv2%2Fmedia&parent=23234"}],"wp:term":[{"taxonomy":"category","embeddable":true,"href":"https:\/\/www.egemtv.com\/index.php?rest_route=%2Fwp%2Fv2%2Fcategories&post=23234"},{"taxonomy":"post_tag","embeddable":true,"href":"https:\/\/www.egemtv.com\/index.php?rest_route=%2Fwp%2Fv2%2Ftags&post=23234"}],"curies":[{"name":"wp","href":"https:\/\/api.w.org\/{rel}","templated":true}]}}