{"id":23231,"date":"2025-03-01T12:09:10","date_gmt":"2025-03-01T09:09:10","guid":{"rendered":"https:\/\/www.egemtv.com\/?p=23231"},"modified":"2025-03-01T12:09:15","modified_gmt":"2025-03-01T09:09:15","slug":"bozdogan-myo-sosyal-marketinden-ogrencilere-ramazan-destegi","status":"publish","type":"post","link":"https:\/\/www.egemtv.com\/?p=23231","title":{"rendered":"Bozdo\u011fan MYO Sosyal Marketi\u2019nden \u00f6\u011frencilere Ramazan deste\u011fi"},"content":{"rendered":"<p>Bozdo\u011fan Meslek Y\u00fcksekokulu (MYO) Sosyal Marketi, Ramazan ay\u0131n\u0131n ruhuna uygun olarak ihtiya\u00e7 sahibi \u00f6\u011frencilere destek olmak amac\u0131yla erzak da\u011f\u0131t\u0131m\u0131na ba\u015flad\u0131. Hay\u0131rsever firmalar\u0131n katk\u0131lar\u0131yla haz\u0131rlanan yard\u0131m paketleri, \u00f6\u011frencilere yaln\u0131zca g\u0131da deste\u011fi sa\u011flamakla kalm\u0131yor, ayn\u0131 zamanda payla\u015fma ve dayan\u0131\u015fma k\u00fclt\u00fcr\u00fcn\u00fc de peki\u015ftiriyor.<br \/>\n<br \/>Ramazan bereketini \u00f6\u011frenci sofralar\u0131na ta\u015f\u0131may\u0131 ama\u00e7layan yard\u0131mlar, e\u011fitim hayatlar\u0131n\u0131 s\u00fcrd\u00fcren gen\u00e7ler i\u00e7in b\u00fcy\u00fck bir moral kayna\u011f\u0131 oluyor. Ailelerinden uzakta e\u011fitim g\u00f6ren \u00f6\u011frenciler, Sosyal Market\u2019ten ald\u0131klar\u0131 destek sayesinde temel ihtiya\u00e7lar\u0131n\u0131 kar\u015f\u0131larken, okul y\u00f6netiminin kendilerine verdi\u011fi de\u011feri de hissettiklerini belirtti. Bozdo\u011fan MYO yetkilileri, bu t\u00fcr sosyal sorumluluk projelerinin devam edece\u011fini vurgulayarak, hay\u0131rseverlerin katk\u0131lar\u0131yla daha fazla \u00f6\u011frenciye ula\u015fmay\u0131 hedefledikleriniifadeetti.<br \/><\/p>\n","protected":false},"excerpt":{"rendered":"<p>Bozdo\u011fan Meslek Y\u00fcksekokulu (MYO) Sosyal Marketi, Ramazan ay\u0131n\u0131n ruhuna uygun olarak ihtiya\u00e7 sahibi \u00f6\u011frencilere destek olmak amac\u0131yla erzak da\u011f\u0131t\u0131m\u0131na ba\u015flad\u0131. Hay\u0131rsever firmalar\u0131n katk\u0131lar\u0131yla haz\u0131rlanan yard\u0131m paketleri, \u00f6\u011frencilere yaln\u0131zca g\u0131da deste\u011fi sa\u011flamakla kalm\u0131yor, ayn\u0131 zamanda payla\u015fma ve dayan\u0131\u015fma k\u00fclt\u00fcr\u00fcn\u00fc de peki\u015ftiriyor. Ramazan bereketini \u00f6\u011frenci sofralar\u0131na ta\u015f\u0131may\u0131 ama\u00e7layan yard\u0131mlar, e\u011fitim hayatlar\u0131n\u0131 s\u00fcrd\u00fcren gen\u00e7ler i\u00e7in b\u00fcy\u00fck bir moral&#8230;<\/p>\n","protected":false},"author":1,"featured_media":23232,"comment_status":"open","ping_status":"open","sticky":false,"template":"","format":"standard","meta":{"_crdt_document":"","footnotes":""},"categories":[1],"tags":[],"class_list":["post-23231","post","type-post","status-publish","format-standard","has-post-thumbnail","hentry","category-guncel"],"_links":{"self":[{"href":"https:\/\/www.egemtv.com\/index.php?rest_route=\/wp\/v2\/posts\/23231","targetHints":{"allow":["GET"]}}],"collection":[{"href":"https:\/\/www.egemtv.com\/index.php?rest_route=\/wp\/v2\/posts"}],"about":[{"href":"https:\/\/www.egemtv.com\/index.php?rest_route=\/wp\/v2\/types\/post"}],"author":[{"embeddable":true,"href":"https:\/\/www.egemtv.com\/index.php?rest_route=\/wp\/v2\/users\/1"}],"replies":[{"embeddable":true,"href":"https:\/\/www.egemtv.com\/index.php?rest_route=%2Fwp%2Fv2%2Fcomments&post=23231"}],"version-history":[{"count":1,"href":"https:\/\/www.egemtv.com\/index.php?rest_route=\/wp\/v2\/posts\/23231\/revisions"}],"predecessor-version":[{"id":23233,"href":"https:\/\/www.egemtv.com\/index.php?rest_route=\/wp\/v2\/posts\/23231\/revisions\/23233"}],"wp:featuredmedia":[{"embeddable":true,"href":"https:\/\/www.egemtv.com\/index.php?rest_route=\/wp\/v2\/media\/23232"}],"wp:attachment":[{"href":"https:\/\/www.egemtv.com\/index.php?rest_route=%2Fwp%2Fv2%2Fmedia&parent=23231"}],"wp:term":[{"taxonomy":"category","embeddable":true,"href":"https:\/\/www.egemtv.com\/index.php?rest_route=%2Fwp%2Fv2%2Fcategories&post=23231"},{"taxonomy":"post_tag","embeddable":true,"href":"https:\/\/www.egemtv.com\/index.php?rest_route=%2Fwp%2Fv2%2Ftags&post=23231"}],"curies":[{"name":"wp","href":"https:\/\/api.w.org\/{rel}","templated":true}]}}