{"id":23228,"date":"2025-03-01T12:09:05","date_gmt":"2025-03-01T09:09:05","guid":{"rendered":"https:\/\/www.egemtv.com\/?p=23228"},"modified":"2025-03-01T12:09:10","modified_gmt":"2025-03-01T09:09:10","slug":"selcukta-ramazan-dayanismasi-iftar-kart-ile-basladi","status":"publish","type":"post","link":"https:\/\/www.egemtv.com\/?p=23228","title":{"rendered":"Sel\u00e7uk\u2019ta Ramazan dayan\u0131\u015fmas\u0131 \u0130ftar Kart ile ba\u015flad\u0131"},"content":{"rendered":"<p>Sel\u00e7uk Belediyesi, bu Ramazan ay\u0131nda da sosyal deste\u011fe ihtiya\u00e7 duyan vatanda\u015flara \u0130ftar Kart ile destek oldu. Sosyal deste\u011fe ihtiya\u00e7 duyan 100 vatanda\u015fa 2 bin 500 TL tutar\u0131ndaki \u0130ftar Kartlar\u0131 ula\u015ft\u0131r\u0131ld\u0131.<br \/>\n<br \/>Y\u0131l boyu Efeslim Kart, Emekli Efeslim Kart, Efes Sel\u00e7uk \u00c7ocuklar i\u00e7in G\u0131da Dayan\u0131\u015fmas\u0131 gibi projeleri ile sosyal deste\u011fe ihtiya\u00e7 duyan vatanda\u015flar\u0131n yan\u0131nda olan Sel\u00e7uk Belediyesi, her y\u0131l oldu\u011fu gibi bu y\u0131l da Ramazan ay\u0131nda dayan\u0131\u015fmay\u0131 g\u00fc\u00e7lendiriyor. Sel\u00e7uk Belediyesi Sosyal Yard\u0131m \u0130\u015fleri M\u00fcd\u00fcrl\u00fc\u011f\u00fc taraf\u0131ndan yap\u0131lan \u00e7al\u0131\u015fmalar sonucunda sosyal deste\u011fe ihtiya\u00e7 duyan vatanda\u015flara \u0130ftar Kartlar\u0131 ula\u015ft\u0131r\u0131ld\u0131. \u0130ftar Kart sahibi vatanda\u015flar anla\u015fmal\u0131 esnaflardan iftar i\u00e7in yemek ve g\u0131da maddelerini sat\u0131n alabilecek. B\u00f6ylelikle Ramazan dayan\u0131\u015fmas\u0131 ile yerel esnafa da katk\u0131 sunulacak.<\/p>\n<p>&#8220;Bahane \u00fcretmeden \u00e7al\u0131\u015fmaya, dayan\u0131\u015fmay\u0131 b\u00fcy\u00fctmeye devam ediyoruz&#8221;<br \/>\n<br \/>Sel\u00e7uk Belediyesi\u2019nin zorla\u015fan ekonomik \u015fartlarda her \u015feye ra\u011fmen sosyal deste\u011fe ihtiya\u00e7 duyan vatanda\u015flar\u0131n yan\u0131nda oldu\u011funu belirten Belediye Ba\u015fkan\u0131 Filiz Cerito\u011flu Sengel; &#8220;\u00d6\u011frencisinden ya\u015fl\u0131s\u0131na, hastas\u0131ndan biraz daha ucuza ekmek almaya \u00e7abalayan vatanda\u015f\u0131na kadar bu kentte herkesin yan\u0131nda yer almaya \u00e7abal\u0131yoruz. Ramazan ay\u0131 hepimiz i\u00e7in \u00f6nemli, dayan\u0131\u015fma duygular\u0131m\u0131z\u0131n daha da g\u00fc\u00e7lendi\u011fi bir ay. Bizim bir \u0130ftar Kart gelene\u011fimiz var. Bu kart ile erzak paketleri yerine tan\u0131mlanan bakiyelerle ihtiya\u00e7 sahibi olan ailelerimize destek oluyoruz. Onlar\u0131n bir iftar sofralar\u0131na destek olurken, esnaf\u0131m\u0131za da katk\u0131 sunman\u0131n mutlulu\u011funu ya\u015f\u0131yoruz. Bilindi\u011fi \u00fczere Meryem Ana Evi otopark gelirlerinin belediyemizde kalmas\u0131na ili\u015fkin y\u00fcr\u00fctmeyi durdurma talepli davam\u0131z reddedildi. Bu demek oluyor ki gelirlerimizin y\u00fczde 60\u2019\u0131 art\u0131k yok.  Ama biz \u015fartlar ne olursa olsun dayan\u0131\u015fmadan, bu kentin esnaf\u0131ndan vatanda\u015f\u0131na kadar herkese katk\u0131 sunmaktan, di\u011fer yandan da hizmet \u00fcretmekten vazge\u00e7miyoruz. Bahane \u00fcretmek yerine her zaman oldu\u011fu gibi \u00e7al\u0131\u015fmaya, \u00e7abalamaya, bir arada olmaya ve elbette dayan\u0131\u015fmay\u0131 b\u00fcy\u00fctmeye devam ediyoruz&#8221; dedi.<br \/><\/p>\n","protected":false},"excerpt":{"rendered":"<p>Sel\u00e7uk Belediyesi, bu Ramazan ay\u0131nda da sosyal deste\u011fe ihtiya\u00e7 duyan vatanda\u015flara \u0130ftar Kart ile destek oldu. Sosyal deste\u011fe ihtiya\u00e7 duyan 100 vatanda\u015fa 2 bin 500 TL tutar\u0131ndaki \u0130ftar Kartlar\u0131 ula\u015ft\u0131r\u0131ld\u0131. Y\u0131l boyu Efeslim Kart, Emekli Efeslim Kart, Efes Sel\u00e7uk \u00c7ocuklar i\u00e7in G\u0131da Dayan\u0131\u015fmas\u0131 gibi projeleri ile sosyal deste\u011fe ihtiya\u00e7 duyan vatanda\u015flar\u0131n yan\u0131nda olan Sel\u00e7uk Belediyesi,&#8230;<\/p>\n","protected":false},"author":1,"featured_media":23229,"comment_status":"open","ping_status":"open","sticky":false,"template":"","format":"standard","meta":{"_crdt_document":"","footnotes":""},"categories":[1],"tags":[],"class_list":["post-23228","post","type-post","status-publish","format-standard","has-post-thumbnail","hentry","category-guncel"],"_links":{"self":[{"href":"https:\/\/www.egemtv.com\/index.php?rest_route=\/wp\/v2\/posts\/23228","targetHints":{"allow":["GET"]}}],"collection":[{"href":"https:\/\/www.egemtv.com\/index.php?rest_route=\/wp\/v2\/posts"}],"about":[{"href":"https:\/\/www.egemtv.com\/index.php?rest_route=\/wp\/v2\/types\/post"}],"author":[{"embeddable":true,"href":"https:\/\/www.egemtv.com\/index.php?rest_route=\/wp\/v2\/users\/1"}],"replies":[{"embeddable":true,"href":"https:\/\/www.egemtv.com\/index.php?rest_route=%2Fwp%2Fv2%2Fcomments&post=23228"}],"version-history":[{"count":1,"href":"https:\/\/www.egemtv.com\/index.php?rest_route=\/wp\/v2\/posts\/23228\/revisions"}],"predecessor-version":[{"id":23230,"href":"https:\/\/www.egemtv.com\/index.php?rest_route=\/wp\/v2\/posts\/23228\/revisions\/23230"}],"wp:featuredmedia":[{"embeddable":true,"href":"https:\/\/www.egemtv.com\/index.php?rest_route=\/wp\/v2\/media\/23229"}],"wp:attachment":[{"href":"https:\/\/www.egemtv.com\/index.php?rest_route=%2Fwp%2Fv2%2Fmedia&parent=23228"}],"wp:term":[{"taxonomy":"category","embeddable":true,"href":"https:\/\/www.egemtv.com\/index.php?rest_route=%2Fwp%2Fv2%2Fcategories&post=23228"},{"taxonomy":"post_tag","embeddable":true,"href":"https:\/\/www.egemtv.com\/index.php?rest_route=%2Fwp%2Fv2%2Ftags&post=23228"}],"curies":[{"name":"wp","href":"https:\/\/api.w.org\/{rel}","templated":true}]}}