{"id":23225,"date":"2025-03-01T11:47:16","date_gmt":"2025-03-01T08:47:16","guid":{"rendered":"https:\/\/www.egemtv.com\/?p=23225"},"modified":"2025-03-01T11:47:20","modified_gmt":"2025-03-01T08:47:20","slug":"efelerde-firinlar-denetlendi","status":"publish","type":"post","link":"https:\/\/www.egemtv.com\/?p=23225","title":{"rendered":"Efeler\u2019de f\u0131r\u0131nlar denetlendi"},"content":{"rendered":"<p>Ayd\u0131n\u2019\u0131n Efeler il\u00e7esinde halk sa\u011fl\u0131\u011f\u0131 i\u00e7in sahaya inen zab\u0131ta ekipleri, f\u0131r\u0131nlarda hijyen denetimi ger\u00e7ekle\u015ftirdi.<br \/>\n<br \/>Efeler Belediyesi Zab\u0131ta M\u00fcd\u00fcrl\u00fc\u011f\u00fc ekipleri, vatanda\u015flar\u0131n sa\u011fl\u0131kl\u0131 ve g\u00fcvenli g\u0131daya ula\u015fmalar\u0131n\u0131 sa\u011flamak hedefiyle y\u00fcr\u00fctt\u00fc\u011f\u00fc g\u0131da denetimlerine aral\u0131ks\u0131z devam ediyor. Bu kapsamda sahaya inen zab\u0131ta ekipleri, Ramazan ay\u0131 ile birlikte hareketlilik ya\u015fanan il\u00e7edeki f\u0131r\u0131nlarda denetim ger\u00e7ekle\u015ftirdi. Denetimlerde f\u0131r\u0131nlar\u0131n i\u015fletme kay\u0131t belgelerinden, fiziki \u015fartlar\u0131na, hijyen standartlar\u0131ndan, g\u0131da maddelerinin muhafaza y\u00f6ntemlerine kadar geni\u015f bir yelpazede kontroller yap\u0131ld\u0131. \u00d6zellikle i\u015fletmelerin asgari teknik ve hijyenik \u015fartlara uygunlu\u011fu, son t\u00fcketim tarihleri, g\u0131da maddelerinin korunma durumu, etiket bilgileri, sat\u0131\u015f \u015fartlar\u0131 ve ekmek gramajlar\u0131 gibi unsurlar dikkatlice incelendi. Ayr\u0131ca, kurallara uymad\u0131\u011f\u0131 tespit edilen i\u015fletmelere ilgili yasal \u00e7er\u00e7evede idari yapt\u0131r\u0131mlar uyguland\u0131. \u0130l\u00e7e sakinleri, yap\u0131lan denetimlerin kendilerine g\u00fcven verdi\u011fini ve sa\u011fl\u0131kl\u0131 \u00fcr\u00fcnlerin sunulmas\u0131 noktas\u0131nda g\u00f6sterilen hassasiyeti takdirle kar\u015f\u0131lad\u0131klar\u0131n\u0131 belirterek, Efeler Belediye Ba\u015fkan\u0131 An\u0131l Yeti\u015fkin ile zab\u0131talara te\u015fekk\u00fcr etti.<br \/><\/p>\n","protected":false},"excerpt":{"rendered":"<p>Ayd\u0131n\u2019\u0131n Efeler il\u00e7esinde halk sa\u011fl\u0131\u011f\u0131 i\u00e7in sahaya inen zab\u0131ta ekipleri, f\u0131r\u0131nlarda hijyen denetimi ger\u00e7ekle\u015ftirdi. Efeler Belediyesi Zab\u0131ta M\u00fcd\u00fcrl\u00fc\u011f\u00fc ekipleri, vatanda\u015flar\u0131n sa\u011fl\u0131kl\u0131 ve g\u00fcvenli g\u0131daya ula\u015fmalar\u0131n\u0131 sa\u011flamak hedefiyle y\u00fcr\u00fctt\u00fc\u011f\u00fc g\u0131da denetimlerine aral\u0131ks\u0131z devam ediyor. Bu kapsamda sahaya inen zab\u0131ta ekipleri, Ramazan ay\u0131 ile birlikte hareketlilik ya\u015fanan il\u00e7edeki f\u0131r\u0131nlarda denetim ger\u00e7ekle\u015ftirdi. Denetimlerde f\u0131r\u0131nlar\u0131n i\u015fletme kay\u0131t belgelerinden, fiziki&#8230;<\/p>\n","protected":false},"author":1,"featured_media":23226,"comment_status":"open","ping_status":"open","sticky":false,"template":"","format":"standard","meta":{"_crdt_document":"","footnotes":""},"categories":[1],"tags":[],"class_list":["post-23225","post","type-post","status-publish","format-standard","has-post-thumbnail","hentry","category-guncel"],"_links":{"self":[{"href":"https:\/\/www.egemtv.com\/index.php?rest_route=\/wp\/v2\/posts\/23225","targetHints":{"allow":["GET"]}}],"collection":[{"href":"https:\/\/www.egemtv.com\/index.php?rest_route=\/wp\/v2\/posts"}],"about":[{"href":"https:\/\/www.egemtv.com\/index.php?rest_route=\/wp\/v2\/types\/post"}],"author":[{"embeddable":true,"href":"https:\/\/www.egemtv.com\/index.php?rest_route=\/wp\/v2\/users\/1"}],"replies":[{"embeddable":true,"href":"https:\/\/www.egemtv.com\/index.php?rest_route=%2Fwp%2Fv2%2Fcomments&post=23225"}],"version-history":[{"count":1,"href":"https:\/\/www.egemtv.com\/index.php?rest_route=\/wp\/v2\/posts\/23225\/revisions"}],"predecessor-version":[{"id":23227,"href":"https:\/\/www.egemtv.com\/index.php?rest_route=\/wp\/v2\/posts\/23225\/revisions\/23227"}],"wp:featuredmedia":[{"embeddable":true,"href":"https:\/\/www.egemtv.com\/index.php?rest_route=\/wp\/v2\/media\/23226"}],"wp:attachment":[{"href":"https:\/\/www.egemtv.com\/index.php?rest_route=%2Fwp%2Fv2%2Fmedia&parent=23225"}],"wp:term":[{"taxonomy":"category","embeddable":true,"href":"https:\/\/www.egemtv.com\/index.php?rest_route=%2Fwp%2Fv2%2Fcategories&post=23225"},{"taxonomy":"post_tag","embeddable":true,"href":"https:\/\/www.egemtv.com\/index.php?rest_route=%2Fwp%2Fv2%2Ftags&post=23225"}],"curies":[{"name":"wp","href":"https:\/\/api.w.org\/{rel}","templated":true}]}}