{"id":23171,"date":"2025-03-01T09:47:39","date_gmt":"2025-03-01T06:47:39","guid":{"rendered":"https:\/\/www.egemtv.com\/?p=23171"},"modified":"2025-03-01T09:47:43","modified_gmt":"2025-03-01T06:47:43","slug":"datca-gastronomi-festivali-icin-calismalar-suruyor","status":"publish","type":"post","link":"https:\/\/www.egemtv.com\/?p=23171","title":{"rendered":"Dat\u00e7a Gastronomi Festivali i\u00e7in \u00e7al\u0131\u015fmalar s\u00fcr\u00fcyor"},"content":{"rendered":"<p>Mu\u011fla\u2019n\u0131n Dat\u00e7a il\u00e7esinde Haziran ay\u0131nda yap\u0131lmas\u0131 planlanan Gastronomi Festivali i\u00e7in haz\u0131rl\u0131klar aral\u0131ks\u0131z s\u00fcrerken, festival \u00f6ncesinde de\u011ferlendirme toplant\u0131s\u0131 yap\u0131ld\u0131.<\/p>\n<p>Mu\u011fla\u2019n\u0131n \u00f6nemli turizm beldelerinden olan Dat\u00e7a il\u00e7esinin gastronomik lezzetlerinin tan\u0131t\u0131lmas\u0131 hedefiyle Haziran ay\u0131nda ger\u00e7ekle\u015ftirilecek olan Gastronomi Festivali i\u00e7in haz\u0131rl\u0131klar t\u00fcm h\u0131z\u0131yla s\u00fcr\u00fcyor. Bu kapsamda festival komitesinin koordinesinde de\u011ferlendirme toplant\u0131s\u0131 ger\u00e7ekle\u015ftirildi. Dat\u00e7a Gastronomi Festivali Komite Ba\u015fkan\u0131 Sayg\u0131n Kurt ba\u015fkanl\u0131\u011f\u0131nda kat\u0131l\u0131mc\u0131 restoran ve g\u0131da i\u015fiyle u\u011fra\u015fan i\u015fyeri sahipleriyle d\u00fczenlenen toplant\u0131da festival kapsam\u0131nda yap\u0131lacak \u00e7al\u0131\u015fmalar de\u011ferlendirildi. Kat\u0131l\u0131mc\u0131lar\u0131n d\u00fc\u015f\u00fcnceleri ve yap\u0131lmas\u0131 gereken \u00e7al\u0131\u015fmalar hakk\u0131nda bilgi al\u0131\u015fveri\u015finin de yap\u0131ld\u0131\u011f\u0131 toplant\u0131da, yerli ve yabanc\u0131 kat\u0131l\u0131mc\u0131lar i\u00e7in yap\u0131lacak \u00e7al\u0131\u015fmalar g\u00f6r\u00fc\u015f\u00fcld\u00fc. Ayr\u0131ca toplant\u0131da Gastronomi Festivali\u2019nden bir ay \u00f6nce T\u00fcrk Mutfa\u011f\u0131 Haftas\u0131\u2019n\u0131n da yap\u0131laca\u011f\u0131 belirtildi.<\/p>\n<p>D\u00f6rt g\u00fcn s\u00fcrecek olan \u2019GastrofestDat\u00e7a\u2019 festivali 26 ile 29 Haziran tarihleri aras\u0131nda ger\u00e7ekle\u015ftirilecek.<br \/><\/p>\n","protected":false},"excerpt":{"rendered":"<p>Mu\u011fla\u2019n\u0131n Dat\u00e7a il\u00e7esinde Haziran ay\u0131nda yap\u0131lmas\u0131 planlanan Gastronomi Festivali i\u00e7in haz\u0131rl\u0131klar aral\u0131ks\u0131z s\u00fcrerken, festival \u00f6ncesinde de\u011ferlendirme toplant\u0131s\u0131 yap\u0131ld\u0131. Mu\u011fla\u2019n\u0131n \u00f6nemli turizm beldelerinden olan Dat\u00e7a il\u00e7esinin gastronomik lezzetlerinin tan\u0131t\u0131lmas\u0131 hedefiyle Haziran ay\u0131nda ger\u00e7ekle\u015ftirilecek olan Gastronomi Festivali i\u00e7in haz\u0131rl\u0131klar t\u00fcm h\u0131z\u0131yla s\u00fcr\u00fcyor. Bu kapsamda festival komitesinin koordinesinde de\u011ferlendirme toplant\u0131s\u0131 ger\u00e7ekle\u015ftirildi. Dat\u00e7a Gastronomi Festivali Komite Ba\u015fkan\u0131 Sayg\u0131n Kurt&#8230;<\/p>\n","protected":false},"author":1,"featured_media":23172,"comment_status":"open","ping_status":"open","sticky":false,"template":"","format":"standard","meta":{"_crdt_document":"","footnotes":""},"categories":[1],"tags":[],"class_list":["post-23171","post","type-post","status-publish","format-standard","has-post-thumbnail","hentry","category-guncel"],"_links":{"self":[{"href":"https:\/\/www.egemtv.com\/index.php?rest_route=\/wp\/v2\/posts\/23171","targetHints":{"allow":["GET"]}}],"collection":[{"href":"https:\/\/www.egemtv.com\/index.php?rest_route=\/wp\/v2\/posts"}],"about":[{"href":"https:\/\/www.egemtv.com\/index.php?rest_route=\/wp\/v2\/types\/post"}],"author":[{"embeddable":true,"href":"https:\/\/www.egemtv.com\/index.php?rest_route=\/wp\/v2\/users\/1"}],"replies":[{"embeddable":true,"href":"https:\/\/www.egemtv.com\/index.php?rest_route=%2Fwp%2Fv2%2Fcomments&post=23171"}],"version-history":[{"count":1,"href":"https:\/\/www.egemtv.com\/index.php?rest_route=\/wp\/v2\/posts\/23171\/revisions"}],"predecessor-version":[{"id":23173,"href":"https:\/\/www.egemtv.com\/index.php?rest_route=\/wp\/v2\/posts\/23171\/revisions\/23173"}],"wp:featuredmedia":[{"embeddable":true,"href":"https:\/\/www.egemtv.com\/index.php?rest_route=\/wp\/v2\/media\/23172"}],"wp:attachment":[{"href":"https:\/\/www.egemtv.com\/index.php?rest_route=%2Fwp%2Fv2%2Fmedia&parent=23171"}],"wp:term":[{"taxonomy":"category","embeddable":true,"href":"https:\/\/www.egemtv.com\/index.php?rest_route=%2Fwp%2Fv2%2Fcategories&post=23171"},{"taxonomy":"post_tag","embeddable":true,"href":"https:\/\/www.egemtv.com\/index.php?rest_route=%2Fwp%2Fv2%2Ftags&post=23171"}],"curies":[{"name":"wp","href":"https:\/\/api.w.org\/{rel}","templated":true}]}}