{"id":23168,"date":"2025-03-01T09:47:34","date_gmt":"2025-03-01T06:47:34","guid":{"rendered":"https:\/\/www.egemtv.com\/?p=23168"},"modified":"2025-03-01T09:47:39","modified_gmt":"2025-03-01T06:47:39","slug":"kusadasinin-alt-ve-ustyapisi-her-gecen-gun-daha-da-gucleniyor","status":"publish","type":"post","link":"https:\/\/www.egemtv.com\/?p=23168","title":{"rendered":"Ku\u015fadas\u0131\u2019n\u0131n alt ve \u00fcstyap\u0131s\u0131 her ge\u00e7en g\u00fcn daha da g\u00fc\u00e7leniyor"},"content":{"rendered":"<p>Ba\u015fkan \u00d6mer G\u00fcnel\u2019in g\u00f6reve geldi\u011fi 2019 y\u0131l\u0131ndan bu yana kente 269 kilometre yeni yol kazand\u0131ran Ku\u015fadas\u0131 Belediyesi, alt ve \u00fcstyap\u0131y\u0131 yenileme \u00e7al\u0131\u015fmalar\u0131n\u0131 aral\u0131ks\u0131z s\u00fcrd\u00fcr\u00fcyor. Bu kapsamda Fen \u0130\u015fleri M\u00fcd\u00fcrl\u00fc\u011f\u00fc ekipleri, Kad\u0131nlar Denizi Mahallesi 580\u2019inci Soka\u011f\u0131 s\u0131cak asfaltla kapl\u0131yor.<\/p>\n<p>Ku\u015fadas\u0131 Belediyesi taraf\u0131ndan kentin alt ve \u00fcstyap\u0131 sorunlar\u0131n\u0131 kal\u0131c\u0131 olarak \u00e7\u00f6zmek amac\u0131yla y\u00fcr\u00fct\u00fclen yenileme \u00e7al\u0131\u015fmalar\u0131 farkl\u0131 mahallelerde e\u015f zamanl\u0131 olarak devam ediyor. Bu kapsamda Fen \u0130\u015fleri M\u00fcd\u00fcrl\u00fc\u011f\u00fc ekipleri, belirlenen program dahilinde yol yap\u0131m \u00e7al\u0131\u015fmalar\u0131n\u0131 s\u00fcrd\u00fcr\u00fcyor. Kente modern ve konforlu yollar kazand\u0131rmak amac\u0131yla mesai kavram\u0131 g\u00f6zetmeksizin \u00e7al\u0131\u015fan ekipler, \u015fimdi de 260 metre ya\u011fmur suyu hatt\u0131 d\u00f6\u015fedikleri Kad\u0131nlar Denizi Mahallesi 580\u2019inci Sokak\u2019ta s\u0131cak asfalt \u00e7al\u0131\u015fmas\u0131 ger\u00e7ekle\u015ftiriyor. Yakla\u015f\u0131k 3 bin 500 metrekarelik alanda y\u00fcr\u00fct\u00fclen \u00e7al\u0131\u015fma k\u0131sa s\u00fcre i\u00e7erisinde tamamlanacak.<\/p>\n<p>\u00d6te yandan elektrik, su, kanalizasyon, internet, telefon, do\u011fal gaz alan\u0131nda faaliyet g\u00f6steren kurumlar taraf\u0131ndan y\u00fcr\u00fct\u00fclen \u00e7al\u0131\u015fmalar nedeniyle yollarda meydana gelen hasar ve bozulmalar da Acil M\u00fcdahale Birimi ekipleri taraf\u0131ndan en k\u0131sa s\u00fcre i\u00e7erisinde gideriliyor. Kent sakinlerinin ma\u011fduriyet ya\u015famamas\u0131 i\u00e7in g\u00fcn\u00fcn 24 saati n\u00f6bet tutan Acil M\u00fcdahale Birimi ekiplerinin \u00e7al\u0131\u015fmalar\u0131 memnuniyetle kar\u015f\u0131lan\u0131yor.<br \/><\/p>\n","protected":false},"excerpt":{"rendered":"<p>Ba\u015fkan \u00d6mer G\u00fcnel\u2019in g\u00f6reve geldi\u011fi 2019 y\u0131l\u0131ndan bu yana kente 269 kilometre yeni yol kazand\u0131ran Ku\u015fadas\u0131 Belediyesi, alt ve \u00fcstyap\u0131y\u0131 yenileme \u00e7al\u0131\u015fmalar\u0131n\u0131 aral\u0131ks\u0131z s\u00fcrd\u00fcr\u00fcyor. Bu kapsamda Fen \u0130\u015fleri M\u00fcd\u00fcrl\u00fc\u011f\u00fc ekipleri, Kad\u0131nlar Denizi Mahallesi 580\u2019inci Soka\u011f\u0131 s\u0131cak asfaltla kapl\u0131yor. Ku\u015fadas\u0131 Belediyesi taraf\u0131ndan kentin alt ve \u00fcstyap\u0131 sorunlar\u0131n\u0131 kal\u0131c\u0131 olarak \u00e7\u00f6zmek amac\u0131yla y\u00fcr\u00fct\u00fclen yenileme \u00e7al\u0131\u015fmalar\u0131 farkl\u0131 mahallelerde&#8230;<\/p>\n","protected":false},"author":1,"featured_media":23169,"comment_status":"open","ping_status":"open","sticky":false,"template":"","format":"standard","meta":{"_crdt_document":"","footnotes":""},"categories":[1],"tags":[],"class_list":["post-23168","post","type-post","status-publish","format-standard","has-post-thumbnail","hentry","category-guncel"],"_links":{"self":[{"href":"https:\/\/www.egemtv.com\/index.php?rest_route=\/wp\/v2\/posts\/23168","targetHints":{"allow":["GET"]}}],"collection":[{"href":"https:\/\/www.egemtv.com\/index.php?rest_route=\/wp\/v2\/posts"}],"about":[{"href":"https:\/\/www.egemtv.com\/index.php?rest_route=\/wp\/v2\/types\/post"}],"author":[{"embeddable":true,"href":"https:\/\/www.egemtv.com\/index.php?rest_route=\/wp\/v2\/users\/1"}],"replies":[{"embeddable":true,"href":"https:\/\/www.egemtv.com\/index.php?rest_route=%2Fwp%2Fv2%2Fcomments&post=23168"}],"version-history":[{"count":1,"href":"https:\/\/www.egemtv.com\/index.php?rest_route=\/wp\/v2\/posts\/23168\/revisions"}],"predecessor-version":[{"id":23170,"href":"https:\/\/www.egemtv.com\/index.php?rest_route=\/wp\/v2\/posts\/23168\/revisions\/23170"}],"wp:featuredmedia":[{"embeddable":true,"href":"https:\/\/www.egemtv.com\/index.php?rest_route=\/wp\/v2\/media\/23169"}],"wp:attachment":[{"href":"https:\/\/www.egemtv.com\/index.php?rest_route=%2Fwp%2Fv2%2Fmedia&parent=23168"}],"wp:term":[{"taxonomy":"category","embeddable":true,"href":"https:\/\/www.egemtv.com\/index.php?rest_route=%2Fwp%2Fv2%2Fcategories&post=23168"},{"taxonomy":"post_tag","embeddable":true,"href":"https:\/\/www.egemtv.com\/index.php?rest_route=%2Fwp%2Fv2%2Ftags&post=23168"}],"curies":[{"name":"wp","href":"https:\/\/api.w.org\/{rel}","templated":true}]}}