{"id":23165,"date":"2025-03-01T01:05:35","date_gmt":"2025-02-28T22:05:35","guid":{"rendered":"https:\/\/www.egemtv.com\/?p=23165"},"modified":"2025-03-01T01:05:40","modified_gmt":"2025-02-28T22:05:40","slug":"kutahyanin-tarihi-kimligi-yeniden-canlaniyor","status":"publish","type":"post","link":"https:\/\/www.egemtv.com\/?p=23165","title":{"rendered":"K\u00fctahya\u2019n\u0131n tarihi kimli\u011fi yeniden canlan\u0131yor"},"content":{"rendered":"<p>K\u00fctahya\u2019n\u0131n tarihi kimli\u011finin yeniden canland\u0131rmas\u0131n\u0131n planland\u0131\u011f\u0131 sa\u011fl\u0131kla\u015ft\u0131rma projesi kamuoyuna tan\u0131t\u0131ld\u0131.<br \/>\n<br \/>K\u00fctahya Valisi Musa I\u015f\u0131n ba\u015fkanl\u0131\u011f\u0131nda d\u00fczenlenen Pekmez Pazar\u0131 Sokak Sa\u011fl\u0131kla\u015ft\u0131rma Projesi tan\u0131t\u0131m toplant\u0131s\u0131, K\u00fclt\u00fcr Varl\u0131klar\u0131 ve M\u00fczeler Genel M\u00fcd\u00fcr\u00fc Birol \u0130ncecik\u00f6z, milletvekilleri, Belediye Ba\u015fkan\u0131 Ey\u00fcp Kahveci, il protokol\u00fc, sivil toplum kurulu\u015flar\u0131, K\u00fctahyal\u0131 i\u015f insanlar\u0131 ve b\u00f6lge esnaf\u0131n\u0131n kat\u0131l\u0131m\u0131yla ger\u00e7ekle\u015ftirildi.<br \/>\n<br \/>K\u00fclt\u00fcr ve Turizm Bakanl\u0131\u011f\u0131 ile K\u00fctahya Valili\u011fi i\u015f birli\u011fiyle hayata ge\u00e7irilen proje, \u015fehrin tarihi kimli\u011fini koruyarak turizm potansiyelini art\u0131rmay\u0131 hedefliyor. Toplant\u0131da konu\u015fan K\u00fclt\u00fcr Varl\u0131klar\u0131 ve M\u00fczeler Genel M\u00fcd\u00fcr\u00fc Birol \u0130ncecik\u00f6z, K\u00fctahya\u2019n\u0131n hem kurulu\u015f hem de kurtulu\u015f \u015fehri olarak \u00f6nemli bir yere sahip oldu\u011funu vurgulad\u0131.<\/p>\n<p>&#8220;Tarihi miras\u0131m\u0131za sahip \u00e7\u0131kaca\u011f\u0131z&#8221;<br \/>\n<br \/>Belediyenin s\u00fcrecin en g\u00fc\u00e7l\u00fc destek\u00e7ilerinden biri oldu\u011funu vurgulayan Belediye Ba\u015fkan\u0131 Kahveci, &#8220;Bizler tarihi miras\u0131m\u0131za sahip \u00e7\u0131kmak, onu koruyarak ya\u015fatmak ve gelecek nesillere en iyi \u015fekilde aktarmak gibi bir sorumlulu\u011fa sahibiz&#8221; dedi.<br \/>\n<br \/>Tan\u0131t\u0131m Toplant\u0131s\u0131\u2019nda AK Parti K\u00fctahya Milletvekilleri Mehmet Demir, \u0130smail \u00c7a\u011flar Bay\u0131rc\u0131 ve Mehmet Demir de, birer konu\u015fma yaparak Pekmez Pazar\u0131 Sokak Sa\u011fl\u0131kla\u015ft\u0131rma Projesi\u2019nin K\u00fctahya\u2019ya hay\u0131rl\u0131 olmas\u0131 temennisinde bulundular.<br \/>\n<br \/>Vali Musa I\u015f\u0131n ise, Sel\u00e7uklu ve Osmanl\u0131 d\u00f6nemlerinden miras kalan Pekmez Pazar\u0131 Caddesi\u2019nin tarihi dokusunun korunarak yeniden canland\u0131r\u0131laca\u011f\u0131n\u0131 belirtti. Projenin yaln\u0131zca bir sokak sa\u011fl\u0131kla\u015ft\u0131rma \u00e7al\u0131\u015fmas\u0131 olmad\u0131\u011f\u0131n\u0131, ayn\u0131 zamanda K\u00fctahya\u2019n\u0131n tarih\u00ee kimli\u011fine d\u00f6n\u00fc\u015f projesi niteli\u011finde oldu\u011funu ifade etti.<br \/>\n<br \/>I\u015f\u0131n, &#8220;K\u00fctahya, k\u00f6kl\u00fc ge\u00e7mi\u015fiyle tarih\u00ee miras\u0131 i\u00e7inde bar\u0131nd\u0131ran kadim bir \u015fehir. Bu miras\u0131 koruyarak gelecek nesillere aktarmak bizim en \u00f6nemli g\u00f6revlerimizden biri. Pekmez Pazar\u0131 Caddesi, ge\u00e7mi\u015fte \u015fehrin ticari ve k\u00fclt\u00fcrel hayat\u0131nda \u00f6nemli bir yere sahipti. Ancak zamanla d\u00fczensiz yap\u0131la\u015fma ve ihmal nedeniyle \u00f6zg\u00fcn kimli\u011fi zarar g\u00f6rd\u00fc. Sokak Sa\u011fl\u0131kla\u015ft\u0131rma Projesi ile b\u00f6lgeyi asl\u0131na uygun \u015fekilde restore edecek, estetik ve mimari dokusunu koruyarak modern \u015fehir hayat\u0131yla b\u00fct\u00fcnle\u015ftirece\u011fiz&#8221; ifadelerini kulland\u0131.<\/p>\n<p>Proje kapsam\u0131nda yap\u0131lacak \u00e7al\u0131\u015fmalar<br \/>\n<br \/>Vali I\u015f\u0131n, yap\u0131lacak \u00e7al\u0131\u015fmalarla ilgili \u015fu bilgileri verdi; &#8220;Tarihi dokunun korunmas\u0131; asl\u0131na uygun restorasyon, cephe d\u00fczenlemeleri ve \u00e7at\u0131 yenileme \u00e7al\u0131\u015fmalar\u0131 yap\u0131lacak. Estetik dokunu\u015flar; g\u00f6r\u00fcnt\u00fc kirlili\u011fine neden olan tabela, kablo ve antenler kald\u0131r\u0131lacak, yap\u0131lar mimariye uygun \u015fekilde d\u00fczenlenecek. Ya\u015fanabilir \u00e7evre; Yaya yollar\u0131 yenilenecek, ye\u015fil alanlar art\u0131r\u0131lacak ve tarihi dokuyla uyumlu ayd\u0131nlatmalar eklenecek.&#8221;<br \/>\n<br \/>Vali I\u015f\u0131n, projenin Pekmezci B\u00f6lgesi, Bal\u0131kl\u0131 Meydan\u0131, Meydan Caddesi, Germiyan Sokak ve Ulu Cami ile birlikte b\u00fct\u00fcnc\u00fcl bir yakla\u015f\u0131mla ele al\u0131naca\u011f\u0131n\u0131 belirterek, \u015fehrin ger\u00e7ek kimli\u011fine kavu\u015faca\u011f\u0131n\u0131 vurgulad\u0131. K\u00fctahya\u2019n\u0131n turizmde hak etti\u011fi noktaya ula\u015fmas\u0131 i\u00e7in \u0130l Turizm Master Plan\u0131\u2019n\u0131n haz\u0131rland\u0131\u011f\u0131n\u0131 ve bu kapsamda 132 alt projenin hayata ge\u00e7irilece\u011fini ifade etti.<br \/>\n<br \/>I\u015f\u0131n, &#8220;K\u00fctahya adeta sakl\u0131 bir cennet, ke\u015ffedilmeyi bekleyen bir hazine. Bu de\u011ferleri koruyarak turizm potansiyelimizi art\u0131rmal\u0131y\u0131z&#8221; diye konu\u015ftu.<br \/><\/p>\n","protected":false},"excerpt":{"rendered":"<p>K\u00fctahya\u2019n\u0131n tarihi kimli\u011finin yeniden canland\u0131rmas\u0131n\u0131n planland\u0131\u011f\u0131 sa\u011fl\u0131kla\u015ft\u0131rma projesi kamuoyuna tan\u0131t\u0131ld\u0131. K\u00fctahya Valisi Musa I\u015f\u0131n ba\u015fkanl\u0131\u011f\u0131nda d\u00fczenlenen Pekmez Pazar\u0131 Sokak Sa\u011fl\u0131kla\u015ft\u0131rma Projesi tan\u0131t\u0131m toplant\u0131s\u0131, K\u00fclt\u00fcr Varl\u0131klar\u0131 ve M\u00fczeler Genel M\u00fcd\u00fcr\u00fc Birol \u0130ncecik\u00f6z, milletvekilleri, Belediye Ba\u015fkan\u0131 Ey\u00fcp Kahveci, il protokol\u00fc, sivil toplum kurulu\u015flar\u0131, K\u00fctahyal\u0131 i\u015f insanlar\u0131 ve b\u00f6lge esnaf\u0131n\u0131n kat\u0131l\u0131m\u0131yla ger\u00e7ekle\u015ftirildi. K\u00fclt\u00fcr ve Turizm Bakanl\u0131\u011f\u0131 ile K\u00fctahya&#8230;<\/p>\n","protected":false},"author":1,"featured_media":23166,"comment_status":"open","ping_status":"open","sticky":false,"template":"","format":"standard","meta":{"_crdt_document":"","footnotes":""},"categories":[1],"tags":[],"class_list":["post-23165","post","type-post","status-publish","format-standard","has-post-thumbnail","hentry","category-guncel"],"_links":{"self":[{"href":"https:\/\/www.egemtv.com\/index.php?rest_route=\/wp\/v2\/posts\/23165","targetHints":{"allow":["GET"]}}],"collection":[{"href":"https:\/\/www.egemtv.com\/index.php?rest_route=\/wp\/v2\/posts"}],"about":[{"href":"https:\/\/www.egemtv.com\/index.php?rest_route=\/wp\/v2\/types\/post"}],"author":[{"embeddable":true,"href":"https:\/\/www.egemtv.com\/index.php?rest_route=\/wp\/v2\/users\/1"}],"replies":[{"embeddable":true,"href":"https:\/\/www.egemtv.com\/index.php?rest_route=%2Fwp%2Fv2%2Fcomments&post=23165"}],"version-history":[{"count":1,"href":"https:\/\/www.egemtv.com\/index.php?rest_route=\/wp\/v2\/posts\/23165\/revisions"}],"predecessor-version":[{"id":23167,"href":"https:\/\/www.egemtv.com\/index.php?rest_route=\/wp\/v2\/posts\/23165\/revisions\/23167"}],"wp:featuredmedia":[{"embeddable":true,"href":"https:\/\/www.egemtv.com\/index.php?rest_route=\/wp\/v2\/media\/23166"}],"wp:attachment":[{"href":"https:\/\/www.egemtv.com\/index.php?rest_route=%2Fwp%2Fv2%2Fmedia&parent=23165"}],"wp:term":[{"taxonomy":"category","embeddable":true,"href":"https:\/\/www.egemtv.com\/index.php?rest_route=%2Fwp%2Fv2%2Fcategories&post=23165"},{"taxonomy":"post_tag","embeddable":true,"href":"https:\/\/www.egemtv.com\/index.php?rest_route=%2Fwp%2Fv2%2Ftags&post=23165"}],"curies":[{"name":"wp","href":"https:\/\/api.w.org\/{rel}","templated":true}]}}