{"id":23162,"date":"2025-03-01T00:44:44","date_gmt":"2025-02-28T21:44:44","guid":{"rendered":"https:\/\/www.egemtv.com\/?p=23162"},"modified":"2025-03-01T00:44:48","modified_gmt":"2025-02-28T21:44:48","slug":"hocali-soykirimini-unutmadilar","status":"publish","type":"post","link":"https:\/\/www.egemtv.com\/?p=23162","title":{"rendered":"Hocal\u0131 soyk\u0131r\u0131m\u0131n\u0131 unutmad\u0131lar"},"content":{"rendered":"<p>Azerbaycan\u2019\u0131n Da\u011fl\u0131k Karaba\u011f B\u00f6lgesindeki Hocal\u0131\u2019da Ermeniler taraf\u0131ndan 613 Azerbaycan T\u00fcrk\u00fcn\u00fcn soyk\u0131r\u0131ma u\u011framas\u0131n\u0131n 33\u2019\u00fcnc\u00fc y\u0131l\u0131nda Manisa\u2019n\u0131n Turgutlu il\u00e7esinde ger\u00e7ekle\u015ftirilen panel b\u00fcy\u00fck ilgi g\u00f6rd\u00fc.<br \/>\n<br \/>Azerbaycan K\u00fclt\u00fcr Derne\u011fi taraf\u0131ndan Manisa\u2019n\u0131n Turgutlu il\u00e7esinde Turgutlu Belediyesi Nikah ve Toplant\u0131 Salonunda ger\u00e7ekle\u015ftirilen \u2019T\u00fcrk D\u00fcnyas\u0131, Azerbaycan ve Hocal\u0131 Soyk\u0131r\u0131m\u0131\u2019 konulu panel yo\u011fun bir kat\u0131l\u0131mla ger\u00e7ekle\u015fti. Sunuculu\u011funu Azerbaycan Devlet Sanat\u00e7\u0131s\u0131 Roza \u0130badova Kocamaz\u2019\u0131n ger\u00e7ekle\u015ftirdi\u011fi panelde, Pamukkale \u00dcniversitesinden Prof. Dr. Turgut Tok, Pamukkale \u00dcniversitesinden Do\u00e7. Dr. Salih Mehmet Ar\u00e7\u0131n, Pamukkale \u00dcniversitesinden Doktorant Maral Askarova, \u00d6\u011fretmen-Yazar Sedat Serdaro\u011flu konu\u015fmalar ger\u00e7ekle\u015ftirdi.<br \/>\n<br \/>Panele, Azerbaycan Cumhuriyeti Diasporadan Sorumlu Devlet Komitesinin \u015eube M\u00fcd\u00fcr\u00fc Cavid \u0130smay\u0131l, Turgutlu Kaymakam\u0131 Selami Kapankaya, Turgutlu Belediye Ba\u015fkanvekili Esin K\u00fc\u00e7\u00fckler, jandarma komutan\u0131, siyasi partilerin il\u00e7e ba\u015fkanlar\u0131, STK ba\u015fkanlar\u0131, \u00dclk\u00fc ocaklar\u0131 ve T\u00fcrk ocaklar\u0131 ba\u015fkanlar\u0131 ile \u00e7ok say\u0131dakonuk kat\u0131ld\u0131.<br \/>\n<br \/>Turgutlu Azerbaycan K\u00fclt\u00fcr Derne\u011fi Ba\u015fkan\u0131 \u00dcnal Ka\u011fba kat\u0131l\u0131mc\u0131lara te\u015fekk\u00fcr ederek, Hocal\u0131 katliam\u0131n\u0131 hi\u00e7bir zaman unutmayacaklar\u0131n\u0131 s\u00f6yledi.<br \/><\/p>\n","protected":false},"excerpt":{"rendered":"<p>Azerbaycan\u2019\u0131n Da\u011fl\u0131k Karaba\u011f B\u00f6lgesindeki Hocal\u0131\u2019da Ermeniler taraf\u0131ndan 613 Azerbaycan T\u00fcrk\u00fcn\u00fcn soyk\u0131r\u0131ma u\u011framas\u0131n\u0131n 33\u2019\u00fcnc\u00fc y\u0131l\u0131nda Manisa\u2019n\u0131n Turgutlu il\u00e7esinde ger\u00e7ekle\u015ftirilen panel b\u00fcy\u00fck ilgi g\u00f6rd\u00fc. Azerbaycan K\u00fclt\u00fcr Derne\u011fi taraf\u0131ndan Manisa\u2019n\u0131n Turgutlu il\u00e7esinde Turgutlu Belediyesi Nikah ve Toplant\u0131 Salonunda ger\u00e7ekle\u015ftirilen \u2019T\u00fcrk D\u00fcnyas\u0131, Azerbaycan ve Hocal\u0131 Soyk\u0131r\u0131m\u0131\u2019 konulu panel yo\u011fun bir kat\u0131l\u0131mla ger\u00e7ekle\u015fti. Sunuculu\u011funu Azerbaycan Devlet Sanat\u00e7\u0131s\u0131 Roza \u0130badova Kocamaz\u2019\u0131n&#8230;<\/p>\n","protected":false},"author":1,"featured_media":23163,"comment_status":"open","ping_status":"open","sticky":false,"template":"","format":"standard","meta":{"_crdt_document":"","footnotes":""},"categories":[1],"tags":[],"class_list":["post-23162","post","type-post","status-publish","format-standard","has-post-thumbnail","hentry","category-guncel"],"_links":{"self":[{"href":"https:\/\/www.egemtv.com\/index.php?rest_route=\/wp\/v2\/posts\/23162","targetHints":{"allow":["GET"]}}],"collection":[{"href":"https:\/\/www.egemtv.com\/index.php?rest_route=\/wp\/v2\/posts"}],"about":[{"href":"https:\/\/www.egemtv.com\/index.php?rest_route=\/wp\/v2\/types\/post"}],"author":[{"embeddable":true,"href":"https:\/\/www.egemtv.com\/index.php?rest_route=\/wp\/v2\/users\/1"}],"replies":[{"embeddable":true,"href":"https:\/\/www.egemtv.com\/index.php?rest_route=%2Fwp%2Fv2%2Fcomments&post=23162"}],"version-history":[{"count":1,"href":"https:\/\/www.egemtv.com\/index.php?rest_route=\/wp\/v2\/posts\/23162\/revisions"}],"predecessor-version":[{"id":23164,"href":"https:\/\/www.egemtv.com\/index.php?rest_route=\/wp\/v2\/posts\/23162\/revisions\/23164"}],"wp:featuredmedia":[{"embeddable":true,"href":"https:\/\/www.egemtv.com\/index.php?rest_route=\/wp\/v2\/media\/23163"}],"wp:attachment":[{"href":"https:\/\/www.egemtv.com\/index.php?rest_route=%2Fwp%2Fv2%2Fmedia&parent=23162"}],"wp:term":[{"taxonomy":"category","embeddable":true,"href":"https:\/\/www.egemtv.com\/index.php?rest_route=%2Fwp%2Fv2%2Fcategories&post=23162"},{"taxonomy":"post_tag","embeddable":true,"href":"https:\/\/www.egemtv.com\/index.php?rest_route=%2Fwp%2Fv2%2Ftags&post=23162"}],"curies":[{"name":"wp","href":"https:\/\/api.w.org\/{rel}","templated":true}]}}