{"id":23159,"date":"2025-02-28T22:50:01","date_gmt":"2025-02-28T19:50:01","guid":{"rendered":"https:\/\/www.egemtv.com\/?p=23159"},"modified":"2025-02-28T22:50:07","modified_gmt":"2025-02-28T19:50:07","slug":"aliagada-ilk-iftar-icin-hazirliklar-tamamlandi","status":"publish","type":"post","link":"https:\/\/www.egemtv.com\/?p=23159","title":{"rendered":"Alia\u011fa\u2019da ilk iftar i\u00e7in haz\u0131rl\u0131klar tamamland\u0131"},"content":{"rendered":"<p>Alia\u011fa Belediyesi her y\u0131l oldu\u011fu gibi bu y\u0131l da Ramazan ay\u0131n\u0131n toplu iftar gelene\u011fini Yeni Mahalle D\u00fc\u011f\u00fcn Salonu\u2019nda s\u00fcrd\u00fcr\u00fcyor.<br \/>\n<br \/>Alia\u011fa Belediyesi, 11 ay\u0131n sultan\u0131 Ramazan\u2019\u0131n toplu iftar gelene\u011fini ya\u015fatmak amac\u0131 ile Ramazan ay\u0131 boyunca vatanda\u015flara her g\u00fcn s\u0131cak yemek hizmeti verecek. \u0130ftar yemekleri, vatanda\u015flar\u0131n birlik ve beraberlik duygular\u0131n\u0131 g\u00fc\u00e7lendirecek, Ramazan ay\u0131n\u0131n manevi atmosferine uygun bir ortamda ger\u00e7ekle\u015ftirilecek.<br \/>\n<br \/>Alia\u011fa Belediyesi, Alia\u011fal\u0131lar\u0131 Yeni Mahalle D\u00fc\u011f\u00fcn Salonu\u2019nda bir araya getirecek olan iftar sofralar\u0131n\u0131 \u00f6zenli bir \u015fekilde haz\u0131rlad\u0131. 1 ay boyunca iftar yeme\u011finin verilece\u011fi salonda incelemelerde bulunan Alia\u011fa Belediye Ba\u015fkan\u0131 Serkan Acar, &#8220;Yeni Mahalle D\u00fc\u011f\u00fcn Salonu\u2019muzda Ramazan boyunca ger\u00e7ekle\u015ftirece\u011fimiz iftar program\u0131m\u0131z i\u00e7in haz\u0131rl\u0131klar\u0131m\u0131z\u0131 tamamlad\u0131k. Ramazan\u0131m\u0131z m\u00fcbarek, oru\u00e7lar\u0131m\u0131z kabul olsun&#8221; ifadelerini kullanarak t\u00fcm Alia\u011fal\u0131lar\u0131n Ramazan ay\u0131n\u0131 tebrik etti.<br \/><\/p>\n","protected":false},"excerpt":{"rendered":"<p>Alia\u011fa Belediyesi her y\u0131l oldu\u011fu gibi bu y\u0131l da Ramazan ay\u0131n\u0131n toplu iftar gelene\u011fini Yeni Mahalle D\u00fc\u011f\u00fcn Salonu\u2019nda s\u00fcrd\u00fcr\u00fcyor. Alia\u011fa Belediyesi, 11 ay\u0131n sultan\u0131 Ramazan\u2019\u0131n toplu iftar gelene\u011fini ya\u015fatmak amac\u0131 ile Ramazan ay\u0131 boyunca vatanda\u015flara her g\u00fcn s\u0131cak yemek hizmeti verecek. \u0130ftar yemekleri, vatanda\u015flar\u0131n birlik ve beraberlik duygular\u0131n\u0131 g\u00fc\u00e7lendirecek, Ramazan ay\u0131n\u0131n manevi atmosferine uygun bir&#8230;<\/p>\n","protected":false},"author":1,"featured_media":23160,"comment_status":"open","ping_status":"open","sticky":false,"template":"","format":"standard","meta":{"_crdt_document":"","footnotes":""},"categories":[1],"tags":[],"class_list":["post-23159","post","type-post","status-publish","format-standard","has-post-thumbnail","hentry","category-guncel"],"_links":{"self":[{"href":"https:\/\/www.egemtv.com\/index.php?rest_route=\/wp\/v2\/posts\/23159","targetHints":{"allow":["GET"]}}],"collection":[{"href":"https:\/\/www.egemtv.com\/index.php?rest_route=\/wp\/v2\/posts"}],"about":[{"href":"https:\/\/www.egemtv.com\/index.php?rest_route=\/wp\/v2\/types\/post"}],"author":[{"embeddable":true,"href":"https:\/\/www.egemtv.com\/index.php?rest_route=\/wp\/v2\/users\/1"}],"replies":[{"embeddable":true,"href":"https:\/\/www.egemtv.com\/index.php?rest_route=%2Fwp%2Fv2%2Fcomments&post=23159"}],"version-history":[{"count":1,"href":"https:\/\/www.egemtv.com\/index.php?rest_route=\/wp\/v2\/posts\/23159\/revisions"}],"predecessor-version":[{"id":23161,"href":"https:\/\/www.egemtv.com\/index.php?rest_route=\/wp\/v2\/posts\/23159\/revisions\/23161"}],"wp:featuredmedia":[{"embeddable":true,"href":"https:\/\/www.egemtv.com\/index.php?rest_route=\/wp\/v2\/media\/23160"}],"wp:attachment":[{"href":"https:\/\/www.egemtv.com\/index.php?rest_route=%2Fwp%2Fv2%2Fmedia&parent=23159"}],"wp:term":[{"taxonomy":"category","embeddable":true,"href":"https:\/\/www.egemtv.com\/index.php?rest_route=%2Fwp%2Fv2%2Fcategories&post=23159"},{"taxonomy":"post_tag","embeddable":true,"href":"https:\/\/www.egemtv.com\/index.php?rest_route=%2Fwp%2Fv2%2Ftags&post=23159"}],"curies":[{"name":"wp","href":"https:\/\/api.w.org\/{rel}","templated":true}]}}