{"id":23156,"date":"2025-02-28T22:49:59","date_gmt":"2025-02-28T19:49:59","guid":{"rendered":"https:\/\/www.egemtv.com\/?p=23156"},"modified":"2025-02-28T22:50:01","modified_gmt":"2025-02-28T19:50:01","slug":"cesme-cumhuriyet-bassavciligi-2025-yili-adli-kolluk-degerlendirme-toplantisi-duzenledi","status":"publish","type":"post","link":"https:\/\/www.egemtv.com\/?p=23156","title":{"rendered":"\u00c7e\u015fme Cumhuriyet Ba\u015fsavc\u0131l\u0131\u011f\u0131, 2025 y\u0131l\u0131 adli kolluk de\u011ferlendirme toplant\u0131s\u0131 d\u00fczenledi"},"content":{"rendered":"<p>\u00c7e\u015fme Cumhuriyet Ba\u015fsavc\u0131l\u0131\u011f\u0131 taraf\u0131ndan, adli olaylar ve y\u00fcr\u00fct\u00fclen soru\u015fturmalarda dikkat edilmesi gereken hususlar\u0131n de\u011ferlendirilmesi amac\u0131yla 2025 y\u0131l\u0131 Adli Kolluk De\u011ferlendirme Toplant\u0131s\u0131 d\u00fczenlendi.<br \/>\n<br \/>Cumhuriyet Ba\u015fsavc\u0131s\u0131 Mustafa \u015een ba\u015fkanl\u0131\u011f\u0131nda ger\u00e7ekle\u015ftirilen toplant\u0131ya; Cumhuriyet Savc\u0131lar\u0131, \u0130l\u00e7e Emniyet M\u00fcd\u00fcr V. \u0130lker Zeydanl\u0131, \u0130l\u00e7e Jandarma Komutan\u0131 \u00dcste\u011fmen Yavuz Ya\u015far, Sahil G\u00fcvenlik Karakol Komutan V. \u00dcste\u011fmen U\u011fur G\u00fcven, G\u00fcmr\u00fck Ka\u00e7ak\u00e7\u0131l\u0131k ve \u0130stihbarat B\u00f6lge Amiri Metin Polat, karakol amirleri, karakol komutanlar\u0131, b\u00fcro amirleri ve adli kolluk birimlerinde g\u00f6rev yapan personel kat\u0131ld\u0131.<br \/>\n<br \/>Cumhuriyet Ba\u015fsavc\u0131s\u0131 Mustafa \u015een, toplant\u0131da konu\u015fmas\u0131na ba\u015flarken, asayi\u015fin sa\u011flanmas\u0131, su\u00e7 ve su\u00e7lu ile m\u00fccadelede g\u00f6sterdikleri emek ve fedakarl\u0131ktan dolay\u0131 b\u00fct\u00fcn adli kolluk personeline te\u015fekk\u00fcr etti\u011fini ifade etti.<br \/>\n<br \/>Ki\u015filerin ve toplumun can ve mal g\u00fcvenli\u011fini sa\u011flaman\u0131n ve haklar\u0131n\u0131 koruman\u0131n devletin asli vazifelerinden oldu\u011funu, bunun da etkin bir adalet sistemi ile ger\u00e7ekle\u015febilece\u011fini, kolluk kuvvetlerinin de ceza adalet sisteminin \u00f6nemli bir par\u00e7as\u0131 oldu\u011funu vurgulayan Ba\u015fsavc\u0131 \u015een, il\u00e7edeki soru\u015fturma i\u015flemlerinin genel olarak d\u00fczenli ve titiz y\u00fcr\u00fct\u00fcld\u00fc\u011f\u00fcn\u00fc belirtti. Y\u00fcr\u00fct\u00fclen etkin soru\u015fturmalar, uygulanan koruma tedbirleri, kolluk personelinin b\u00fcy\u00fck \u00f6zveri ve fedakar \u00e7al\u0131\u015fmalar\u0131 neticesinde 2024 y\u0131l\u0131n\u0131n \u00f6nceki y\u0131llara g\u00f6re daha g\u00fcvenli ge\u00e7ti\u011fini ifade eden \u015een, 2025 y\u0131l\u0131nda ise daha iyi sonu\u00e7lar al\u0131naca\u011f\u0131n\u0131 d\u00fc\u015f\u00fcnd\u00fc\u011f\u00fcn\u00fc s\u00f6yledi.<br \/>\n<br \/>Toplant\u0131da il\u00e7ede meydana gelen adli olaylar, y\u00fcr\u00fct\u00fclen soru\u015fturmalar ve al\u0131nan tedbirlerin de\u011ferlendirilmesi ile soru\u015fturmalarda dikkat edilmesi gereken di\u011fer hususlara ili\u015fkin konular detayl\u0131 \u015fekilde ele al\u0131nd\u0131. ?<br \/><\/p>\n","protected":false},"excerpt":{"rendered":"<p>\u00c7e\u015fme Cumhuriyet Ba\u015fsavc\u0131l\u0131\u011f\u0131 taraf\u0131ndan, adli olaylar ve y\u00fcr\u00fct\u00fclen soru\u015fturmalarda dikkat edilmesi gereken hususlar\u0131n de\u011ferlendirilmesi amac\u0131yla 2025 y\u0131l\u0131 Adli Kolluk De\u011ferlendirme Toplant\u0131s\u0131 d\u00fczenlendi. Cumhuriyet Ba\u015fsavc\u0131s\u0131 Mustafa \u015een ba\u015fkanl\u0131\u011f\u0131nda ger\u00e7ekle\u015ftirilen toplant\u0131ya; Cumhuriyet Savc\u0131lar\u0131, \u0130l\u00e7e Emniyet M\u00fcd\u00fcr V. \u0130lker Zeydanl\u0131, \u0130l\u00e7e Jandarma Komutan\u0131 \u00dcste\u011fmen Yavuz Ya\u015far, Sahil G\u00fcvenlik Karakol Komutan V. \u00dcste\u011fmen U\u011fur G\u00fcven, G\u00fcmr\u00fck Ka\u00e7ak\u00e7\u0131l\u0131k ve \u0130stihbarat&#8230;<\/p>\n","protected":false},"author":1,"featured_media":23157,"comment_status":"open","ping_status":"open","sticky":false,"template":"","format":"standard","meta":{"_crdt_document":"","footnotes":""},"categories":[5],"tags":[],"class_list":["post-23156","post","type-post","status-publish","format-standard","has-post-thumbnail","hentry","category-asayis"],"_links":{"self":[{"href":"https:\/\/www.egemtv.com\/index.php?rest_route=\/wp\/v2\/posts\/23156","targetHints":{"allow":["GET"]}}],"collection":[{"href":"https:\/\/www.egemtv.com\/index.php?rest_route=\/wp\/v2\/posts"}],"about":[{"href":"https:\/\/www.egemtv.com\/index.php?rest_route=\/wp\/v2\/types\/post"}],"author":[{"embeddable":true,"href":"https:\/\/www.egemtv.com\/index.php?rest_route=\/wp\/v2\/users\/1"}],"replies":[{"embeddable":true,"href":"https:\/\/www.egemtv.com\/index.php?rest_route=%2Fwp%2Fv2%2Fcomments&post=23156"}],"version-history":[{"count":1,"href":"https:\/\/www.egemtv.com\/index.php?rest_route=\/wp\/v2\/posts\/23156\/revisions"}],"predecessor-version":[{"id":23158,"href":"https:\/\/www.egemtv.com\/index.php?rest_route=\/wp\/v2\/posts\/23156\/revisions\/23158"}],"wp:featuredmedia":[{"embeddable":true,"href":"https:\/\/www.egemtv.com\/index.php?rest_route=\/wp\/v2\/media\/23157"}],"wp:attachment":[{"href":"https:\/\/www.egemtv.com\/index.php?rest_route=%2Fwp%2Fv2%2Fmedia&parent=23156"}],"wp:term":[{"taxonomy":"category","embeddable":true,"href":"https:\/\/www.egemtv.com\/index.php?rest_route=%2Fwp%2Fv2%2Fcategories&post=23156"},{"taxonomy":"post_tag","embeddable":true,"href":"https:\/\/www.egemtv.com\/index.php?rest_route=%2Fwp%2Fv2%2Ftags&post=23156"}],"curies":[{"name":"wp","href":"https:\/\/api.w.org\/{rel}","templated":true}]}}