{"id":23153,"date":"2025-02-28T21:48:31","date_gmt":"2025-02-28T18:48:31","guid":{"rendered":"https:\/\/www.egemtv.com\/?p=23153"},"modified":"2025-02-28T21:48:37","modified_gmt":"2025-02-28T18:48:37","slug":"izmirde-ilk-teravih-namazi-kilindi","status":"publish","type":"post","link":"https:\/\/www.egemtv.com\/?p=23153","title":{"rendered":"\u0130zmir\u2019de ilk teravih namaz\u0131 k\u0131l\u0131nd\u0131"},"content":{"rendered":"<p>\u0130zmir\u2019de vatanda\u015flar Ramazan ay\u0131n\u0131n ilk teravih namaz\u0131n\u0131 k\u0131lmak i\u00e7in camilere ak\u0131n etti. M\u00fcbarek ramazan ay\u0131n\u0131n ba\u015flad\u0131\u011f\u0131 ilk teravihe \u00f6zellikle \u00e7ocuklar b\u00fcy\u00fck ilgi g\u00f6sterdi.<br \/>\n<br \/>On bir ay\u0131n sultan\u0131 ramazan ay\u0131n\u0131 kar\u015f\u0131layan vatanda\u015flar, \u0130zmir\u2019de teravih namaz\u0131 k\u0131lmak i\u00e7in camileri doldurdu. Bilal Sayg\u0131l\u0131 Camii Ve K\u00fclliyesi\u2019ne gelen vatanda\u015flar, \u00f6nce din g\u00f6revlileri taraf\u0131ndan Ramazan ay\u0131n\u0131n \u00f6nemini anlatan vaaz\u0131n\u0131 dinledi. Daha sonra Kur\u2019an-\u0131 Kerim tilavetinin ard\u0131ndan ilk teravih namaz\u0131 eda edildi. Teravih namaz\u0131na \u00f6zellikle \u00e7ocuklar b\u00fcy\u00fck ilgi g\u00f6sterdi.<\/p>\n<p>On bir ay\u0131n sultan\u0131n\u0131 co\u015fkuyla kar\u015f\u0131lad\u0131lar<br \/>\n<br \/>M\u00fcbarek ramazan ay\u0131n\u0131n ilk teravihine gelen vatanda\u015flar da on bir ay\u0131n sultan\u0131n\u0131 co\u015fkuyla kar\u015f\u0131lad\u0131klar\u0131n\u0131 s\u00f6yledi. Vatan \u00c7elik, &#8220;M\u00fcbarek ramazan ay\u0131n\u0131n \u00fclkemize, milletimize, devletimize hay\u0131rl\u0131 olmas\u0131n\u0131 Allah\u2019tan niyaz ediyorum. Ramazan\u0131 huzurla, sevin\u00e7le kar\u015f\u0131lad\u0131k. \u00c7ocuklar\u0131m\u0131zla beraber teravih namaz\u0131na geldik. Hep beraber bu mutlulu\u011fu beraber ya\u015fayaca\u011f\u0131z&#8221; dedi.<br \/>\n<br \/>10 ya\u015f\u0131ndaki Ali Ebubekir \u00c7elik ise, &#8220;Rabbim herkesin ramazan\u0131n\u0131 m\u00fcbarek eylesin. Ramazan\u0131 g\u00fczel kar\u015f\u0131lad\u0131k, in\u015fallah g\u00fczel ge\u00e7er&#8221; derken, \u0130brahim \u00d6zkasap adl\u0131 vatanda\u015f ise, &#8220;Co\u015fkuluyuz, bekledi\u011fimiz bir ay. \u00c7ocuklar\u0131m\u0131zla birlikte on bir ay\u0131n sultan\u0131n\u0131 kar\u015f\u0131lad\u0131k. Ramazan\u0131n \u00fcmmet-i Muhammed\u2019e hay\u0131rl\u0131 olmas\u0131n\u0131 diliyoruz. \u0130n\u015fallah \u00fclkemize manevi anlamda da katk\u0131s\u0131 olan g\u00fczel bir ay olur. Herkese bar\u0131\u015f ve g\u00fczellikler diliyoruz&#8221; s\u00f6zlerine yer verdi.<br \/><\/p>\n","protected":false},"excerpt":{"rendered":"<p>\u0130zmir\u2019de vatanda\u015flar Ramazan ay\u0131n\u0131n ilk teravih namaz\u0131n\u0131 k\u0131lmak i\u00e7in camilere ak\u0131n etti. M\u00fcbarek ramazan ay\u0131n\u0131n ba\u015flad\u0131\u011f\u0131 ilk teravihe \u00f6zellikle \u00e7ocuklar b\u00fcy\u00fck ilgi g\u00f6sterdi. On bir ay\u0131n sultan\u0131 ramazan ay\u0131n\u0131 kar\u015f\u0131layan vatanda\u015flar, \u0130zmir\u2019de teravih namaz\u0131 k\u0131lmak i\u00e7in camileri doldurdu. Bilal Sayg\u0131l\u0131 Camii Ve K\u00fclliyesi\u2019ne gelen vatanda\u015flar, \u00f6nce din g\u00f6revlileri taraf\u0131ndan Ramazan ay\u0131n\u0131n \u00f6nemini anlatan vaaz\u0131n\u0131 dinledi&#8230;.<\/p>\n","protected":false},"author":1,"featured_media":23154,"comment_status":"open","ping_status":"open","sticky":false,"template":"","format":"standard","meta":{"_crdt_document":"","footnotes":""},"categories":[1],"tags":[],"class_list":["post-23153","post","type-post","status-publish","format-standard","has-post-thumbnail","hentry","category-guncel"],"_links":{"self":[{"href":"https:\/\/www.egemtv.com\/index.php?rest_route=\/wp\/v2\/posts\/23153","targetHints":{"allow":["GET"]}}],"collection":[{"href":"https:\/\/www.egemtv.com\/index.php?rest_route=\/wp\/v2\/posts"}],"about":[{"href":"https:\/\/www.egemtv.com\/index.php?rest_route=\/wp\/v2\/types\/post"}],"author":[{"embeddable":true,"href":"https:\/\/www.egemtv.com\/index.php?rest_route=\/wp\/v2\/users\/1"}],"replies":[{"embeddable":true,"href":"https:\/\/www.egemtv.com\/index.php?rest_route=%2Fwp%2Fv2%2Fcomments&post=23153"}],"version-history":[{"count":1,"href":"https:\/\/www.egemtv.com\/index.php?rest_route=\/wp\/v2\/posts\/23153\/revisions"}],"predecessor-version":[{"id":23155,"href":"https:\/\/www.egemtv.com\/index.php?rest_route=\/wp\/v2\/posts\/23153\/revisions\/23155"}],"wp:featuredmedia":[{"embeddable":true,"href":"https:\/\/www.egemtv.com\/index.php?rest_route=\/wp\/v2\/media\/23154"}],"wp:attachment":[{"href":"https:\/\/www.egemtv.com\/index.php?rest_route=%2Fwp%2Fv2%2Fmedia&parent=23153"}],"wp:term":[{"taxonomy":"category","embeddable":true,"href":"https:\/\/www.egemtv.com\/index.php?rest_route=%2Fwp%2Fv2%2Fcategories&post=23153"},{"taxonomy":"post_tag","embeddable":true,"href":"https:\/\/www.egemtv.com\/index.php?rest_route=%2Fwp%2Fv2%2Ftags&post=23153"}],"curies":[{"name":"wp","href":"https:\/\/api.w.org\/{rel}","templated":true}]}}