{"id":23150,"date":"2025-02-28T21:32:11","date_gmt":"2025-02-28T18:32:11","guid":{"rendered":"https:\/\/www.egemtv.com\/?p=23150"},"modified":"2025-02-28T21:32:16","modified_gmt":"2025-02-28T18:32:16","slug":"arkadasinin-silahiyla-kendini-vuran-uzman-cavus-ispartada-topraga-verildi","status":"publish","type":"post","link":"https:\/\/www.egemtv.com\/?p=23150","title":{"rendered":"Arkada\u015f\u0131n\u0131n silah\u0131yla kendini vuran uzman \u00e7avu\u015f Isparta\u2019da topra\u011fa verildi"},"content":{"rendered":"<p>\u0130stanbul\u2019da arkada\u015f\u0131n\u0131n silah\u0131yla hayat\u0131na son veren uzman \u00e7avu\u015f, memleketi Isparta\u2019n\u0131n Yalva\u00e7 il\u00e7esinde topra\u011fa verildi.<br \/>\n<br \/>\u0130stanbul\u2019da koruma memuru olarak g\u00f6rev yapan Jandarma Uzman \u00c7avu\u015f Emre Kula (31), arkada\u015f\u0131n\u0131n silah\u0131yla ya\u015fam\u0131na son verdi. Kula\u2019n\u0131n cenazesi memleketi Isparta\u2019n\u0131n Yalva\u00e7 il\u00e7esinde S\u00fcc\u00fcll\u00fc k\u00f6y\u00fcne getirilerek, cuma namaz\u0131na m\u00fcteakip k\u0131l\u0131nan cenaze namaz\u0131n\u0131n ard\u0131ndan Delikta\u015f Kabristanl\u0131\u011f\u0131\u2019nda defnedildi.<br \/>\n<br \/>Cenaze t\u00f6renine Kula\u2019n\u0131n ailesi, Yalva\u00e7 Kaymakam\u0131 Haluk \u015eim\u015fek, Isparta \u0130l Jandarma Komutan\u0131 Albay Dr. Yunus Emre Karamano\u011flu, Yalva\u00e7 \u0130l\u00e7e Jandarma Komutan\u0131 \u00dcste\u011fmen Veli K\u0131zmaz, Yalva\u00e7 \u0130l\u00e7e Emniyet M\u00fcd\u00fcr\u00fc E\u015fref Acar, Isparta Milletvekili Hasan Basri S\u00f6nmez, MHP Yalva\u00e7 \u0130l\u00e7e Ba\u015fkan\u0131 Mehmet Ali Sa\u011flam, Yalva\u00e7 Sosyal Hizmetler M\u00fcd\u00fcrl\u00fc\u011f\u00fc yetkilileri, muhtarlar ve k\u00f6y halk\u0131 kat\u0131ld\u0131.<br \/><\/p>\n","protected":false},"excerpt":{"rendered":"<p>\u0130stanbul\u2019da arkada\u015f\u0131n\u0131n silah\u0131yla hayat\u0131na son veren uzman \u00e7avu\u015f, memleketi Isparta\u2019n\u0131n Yalva\u00e7 il\u00e7esinde topra\u011fa verildi. \u0130stanbul\u2019da koruma memuru olarak g\u00f6rev yapan Jandarma Uzman \u00c7avu\u015f Emre Kula (31), arkada\u015f\u0131n\u0131n silah\u0131yla ya\u015fam\u0131na son verdi. Kula\u2019n\u0131n cenazesi memleketi Isparta\u2019n\u0131n Yalva\u00e7 il\u00e7esinde S\u00fcc\u00fcll\u00fc k\u00f6y\u00fcne getirilerek, cuma namaz\u0131na m\u00fcteakip k\u0131l\u0131nan cenaze namaz\u0131n\u0131n ard\u0131ndan Delikta\u015f Kabristanl\u0131\u011f\u0131\u2019nda defnedildi. Cenaze t\u00f6renine Kula\u2019n\u0131n ailesi, Yalva\u00e7&#8230;<\/p>\n","protected":false},"author":1,"featured_media":23151,"comment_status":"open","ping_status":"open","sticky":false,"template":"","format":"standard","meta":{"_crdt_document":"","footnotes":""},"categories":[5],"tags":[],"class_list":["post-23150","post","type-post","status-publish","format-standard","has-post-thumbnail","hentry","category-asayis"],"_links":{"self":[{"href":"https:\/\/www.egemtv.com\/index.php?rest_route=\/wp\/v2\/posts\/23150","targetHints":{"allow":["GET"]}}],"collection":[{"href":"https:\/\/www.egemtv.com\/index.php?rest_route=\/wp\/v2\/posts"}],"about":[{"href":"https:\/\/www.egemtv.com\/index.php?rest_route=\/wp\/v2\/types\/post"}],"author":[{"embeddable":true,"href":"https:\/\/www.egemtv.com\/index.php?rest_route=\/wp\/v2\/users\/1"}],"replies":[{"embeddable":true,"href":"https:\/\/www.egemtv.com\/index.php?rest_route=%2Fwp%2Fv2%2Fcomments&post=23150"}],"version-history":[{"count":1,"href":"https:\/\/www.egemtv.com\/index.php?rest_route=\/wp\/v2\/posts\/23150\/revisions"}],"predecessor-version":[{"id":23152,"href":"https:\/\/www.egemtv.com\/index.php?rest_route=\/wp\/v2\/posts\/23150\/revisions\/23152"}],"wp:featuredmedia":[{"embeddable":true,"href":"https:\/\/www.egemtv.com\/index.php?rest_route=\/wp\/v2\/media\/23151"}],"wp:attachment":[{"href":"https:\/\/www.egemtv.com\/index.php?rest_route=%2Fwp%2Fv2%2Fmedia&parent=23150"}],"wp:term":[{"taxonomy":"category","embeddable":true,"href":"https:\/\/www.egemtv.com\/index.php?rest_route=%2Fwp%2Fv2%2Fcategories&post=23150"},{"taxonomy":"post_tag","embeddable":true,"href":"https:\/\/www.egemtv.com\/index.php?rest_route=%2Fwp%2Fv2%2Ftags&post=23150"}],"curies":[{"name":"wp","href":"https:\/\/api.w.org\/{rel}","templated":true}]}}