{"id":23093,"date":"2025-02-28T18:11:25","date_gmt":"2025-02-28T15:11:25","guid":{"rendered":"https:\/\/www.egemtv.com\/?p=23093"},"modified":"2025-02-28T18:11:30","modified_gmt":"2025-02-28T15:11:30","slug":"baskan-kepenek-sevdiklerinizle-birlikte-huzur-saglik-ve-mutluluk-dolu-ramazan-gecirmenizi-dilerim","status":"publish","type":"post","link":"https:\/\/www.egemtv.com\/?p=23093","title":{"rendered":"Ba\u015fkan Kepenek; &#8220;Sevdiklerinizle birlikte huzur, sa\u011fl\u0131k ve mutluluk dolu Ramazan ge\u00e7irmenizi dilerim&#8221;"},"content":{"rendered":"<p>Honaz Belediye Ba\u015fkan\u0131 Y\u00fcksel Kepenek, Ramazan ay\u0131 dolay\u0131s\u0131yla bir mesaj yay\u0131mlad\u0131. Ba\u015fkan Kepenek mesaj\u0131nda &#8220;Sevdiklerinizle birlikte huzur, sa\u011fl\u0131k ve mutluluk dolu bir Ramazan ge\u00e7irmenizi dilerim&#8221; dedi.<\/p>\n<p>Honaz Belediye Ba\u015fkan\u0131 Y\u00fcksel Kepenek, Ramazan ay\u0131 dolay\u0131s\u0131yla bir mesaj yay\u0131mlad\u0131. Ba\u015fkan Kepenek mesaj\u0131nda \u015fu ifadelere yer verdi:<br \/>\n<br \/>\u2019\u2019Yeni bir Ramazan ay\u0131na daha ula\u015fman\u0131n mutlulu\u011funu ya\u015f\u0131yoruz. Bu ay, sadece oru\u00e7 tutarak de\u011fil, iyi niyetle, ho\u015fg\u00f6r\u00fcyle, payla\u015farak ve birbirimize destek olarak da anlam kazan\u0131yor. Dayan\u0131\u015fman\u0131n artt\u0131\u011f\u0131, ho\u015fg\u00f6r\u00fcn\u00fcn \u00f6n planda oldu\u011fu bu \u00f6zel g\u00fcnlerin, t\u00fcm insanl\u0131\u011fa bar\u0131\u015f, sa\u011fl\u0131k ve mutluluk getirmesini dilerim. Sevdiklerinizle birlikte keyifli sofralar kuraca\u011f\u0131n\u0131z, huzur dolu bir Ramazan ay\u0131 ge\u00e7irmenizi temenni ederim. Dualar\u0131n semaya y\u00fckseldi\u011fi, g\u00fcnahlar\u0131n affolundu\u011fu bu m\u00fcbarek ayda, Rabbim hepimizi r\u0131zas\u0131na uygun bir hayat ya\u015famaya muvaffak k\u0131ls\u0131n. Sevdiklerinizle birlikte huzur, sa\u011fl\u0131k ve mutluluk dolu bir Ramazan ge\u00e7irmenizi dilerim. Hay\u0131rl\u0131 Ramazanlar&#8221; dedi.<br \/><\/p>\n","protected":false},"excerpt":{"rendered":"<p>Honaz Belediye Ba\u015fkan\u0131 Y\u00fcksel Kepenek, Ramazan ay\u0131 dolay\u0131s\u0131yla bir mesaj yay\u0131mlad\u0131. Ba\u015fkan Kepenek mesaj\u0131nda &#8220;Sevdiklerinizle birlikte huzur, sa\u011fl\u0131k ve mutluluk dolu bir Ramazan ge\u00e7irmenizi dilerim&#8221; dedi. Honaz Belediye Ba\u015fkan\u0131 Y\u00fcksel Kepenek, Ramazan ay\u0131 dolay\u0131s\u0131yla bir mesaj yay\u0131mlad\u0131. Ba\u015fkan Kepenek mesaj\u0131nda \u015fu ifadelere yer verdi: \u2019\u2019Yeni bir Ramazan ay\u0131na daha ula\u015fman\u0131n mutlulu\u011funu ya\u015f\u0131yoruz. Bu ay, sadece&#8230;<\/p>\n","protected":false},"author":1,"featured_media":23094,"comment_status":"open","ping_status":"open","sticky":false,"template":"","format":"standard","meta":{"_crdt_document":"","footnotes":""},"categories":[123],"tags":[],"class_list":["post-23093","post","type-post","status-publish","format-standard","has-post-thumbnail","hentry","category-gundem"],"_links":{"self":[{"href":"https:\/\/www.egemtv.com\/index.php?rest_route=\/wp\/v2\/posts\/23093","targetHints":{"allow":["GET"]}}],"collection":[{"href":"https:\/\/www.egemtv.com\/index.php?rest_route=\/wp\/v2\/posts"}],"about":[{"href":"https:\/\/www.egemtv.com\/index.php?rest_route=\/wp\/v2\/types\/post"}],"author":[{"embeddable":true,"href":"https:\/\/www.egemtv.com\/index.php?rest_route=\/wp\/v2\/users\/1"}],"replies":[{"embeddable":true,"href":"https:\/\/www.egemtv.com\/index.php?rest_route=%2Fwp%2Fv2%2Fcomments&post=23093"}],"version-history":[{"count":1,"href":"https:\/\/www.egemtv.com\/index.php?rest_route=\/wp\/v2\/posts\/23093\/revisions"}],"predecessor-version":[{"id":23095,"href":"https:\/\/www.egemtv.com\/index.php?rest_route=\/wp\/v2\/posts\/23093\/revisions\/23095"}],"wp:featuredmedia":[{"embeddable":true,"href":"https:\/\/www.egemtv.com\/index.php?rest_route=\/wp\/v2\/media\/23094"}],"wp:attachment":[{"href":"https:\/\/www.egemtv.com\/index.php?rest_route=%2Fwp%2Fv2%2Fmedia&parent=23093"}],"wp:term":[{"taxonomy":"category","embeddable":true,"href":"https:\/\/www.egemtv.com\/index.php?rest_route=%2Fwp%2Fv2%2Fcategories&post=23093"},{"taxonomy":"post_tag","embeddable":true,"href":"https:\/\/www.egemtv.com\/index.php?rest_route=%2Fwp%2Fv2%2Ftags&post=23093"}],"curies":[{"name":"wp","href":"https:\/\/api.w.org\/{rel}","templated":true}]}}