{"id":23090,"date":"2025-02-28T17:46:31","date_gmt":"2025-02-28T14:46:31","guid":{"rendered":"https:\/\/www.egemtv.com\/?p=23090"},"modified":"2025-02-28T17:46:35","modified_gmt":"2025-02-28T14:46:35","slug":"kula-belediye-baskani-hikmet-donmez-gorevine-iade-edildi","status":"publish","type":"post","link":"https:\/\/www.egemtv.com\/?p=23090","title":{"rendered":"Kula Belediye Ba\u015fkan\u0131 Hikmet D\u00f6nmez g\u00f6revine iade edildi"},"content":{"rendered":"<p>Makam odas\u0131nda 2 ki\u015finin darbedilmesine ili\u015fkin soru\u015fturma kapsam\u0131nda tutuklanan ve ard\u0131ndan \u0130\u00e7i\u015fleri Bakanl\u0131\u011f\u0131 taraf\u0131ndan g\u00f6revden uzakla\u015ft\u0131r\u0131lan Kula Belediye Ba\u015fkan\u0131 Hikmet D\u00f6nmez hakk\u0131ndaki a\u00e7\u0131\u011fa al\u0131nma karar\u0131, ge\u00e7ti\u011fimiz haftalarda Manisa \u0130dare Mahkemesi taraf\u0131ndan iptal edilmi\u015fti. Mahkemenin ald\u0131\u011f\u0131 karar do\u011frultusunda \u0130\u00e7i\u015fleri Bakanl\u0131\u011f\u0131 taraf\u0131ndan Ba\u015fkan Hikmet D\u00f6nmez\u2019in g\u00f6revine d\u00f6nmesine onay verildi.<br \/>\n<br \/>27 Haziran 2024 tarihinde makam odas\u0131nda \u00e7\u0131kan arbede ile ilgili tutuklanan ve 30 g\u00fcn tutuklu kald\u0131ktan sonra tutuksuz yarg\u0131lanmas\u0131na devam edilen Kula Belediye Ba\u015fkan\u0131 Hikmet D\u00f6nmez, g\u00f6revine iade edildi. \u0130\u00e7i\u015fleri Bakanl\u0131\u011f\u0131 taraf\u0131ndan g\u00f6revden uzakla\u015ft\u0131r\u0131larak tedbir konulan Ba\u015fkan D\u00f6nmez, Manisa \u0130dare Mahkemesi\u2019ne ba\u015fvurmu\u015ftu. Manisa \u0130dare Mahkemesi taraf\u0131ndan yap\u0131lan de\u011ferlendirmede Ba\u015fkan D\u00f6nmez hakk\u0131ndaki soru\u015fturma ve davan\u0131n geldi\u011fi safahat g\u00f6z \u00f6n\u00fcne al\u0131nd\u0131\u011f\u0131nda delilleri karartma durumunun ortadan kalkmas\u0131 sebebiyle tedbiri durdurma karar\u0131 ald\u0131. Mahkemenin ald\u0131\u011f\u0131 karar do\u011frultusunda \u0130\u00e7i\u015fleri Bakanl\u0131\u011f\u0131 taraf\u0131ndan Ba\u015fkan Hikmet D\u00f6nmez\u2019in g\u00f6revine d\u00f6nmesine onay verildi. Al\u0131nan bu karar\u0131n ard\u0131ndan Ba\u015fkan D\u00f6nmez, belediye ba\u015fkanl\u0131\u011f\u0131 g\u00f6revine kald\u0131\u011f\u0131 yerden devam edecek.<br \/>\n<br \/>Mahkeme taraf\u0131ndan al\u0131nan kararda \u015fu ifadeler kullan\u0131ld\u0131:<br \/>\n<br \/>&#8220;Delillerin b\u00fcy\u00fck oranda toplanm\u0131\u015f olmas\u0131 ve karart\u0131lma tehlikesinin bulunmamas\u0131 gerek\u00e7esiyle davac\u0131n\u0131n tutukluluk halinin sona erdirildi\u011fi, di\u011fer yandan s\u00f6z konusu olay nedeniyle yarg\u0131lamas\u0131 devam eden ceza davas\u0131 dosyas\u0131nda birden \u00e7ok san\u0131k ve tan\u0131k bulunmas\u0131 nedeniyle yarg\u0131laman\u0131n, ilgilinin g\u00f6rev s\u00fcresinin sonuna kadar s\u00fcrme ihtimalinin y\u00fcksek oldu\u011fu, ayr\u0131ca soru\u015fturma ve davan\u0131n geldi\u011fi safahat g\u00f6z \u00f6n\u00fcne al\u0131nd\u0131\u011f\u0131nda delilleri karartma durumunun ortadan kalkt\u0131\u011f\u0131 cihetle, Anayasan\u0131n 127. maddesi h\u00fckm\u00fcne g\u00f6re ge\u00e7ici tedbir niteli\u011finde ba\u015fvurulmas\u0131 gereken g\u00f6revden uzakla\u015ft\u0131rma uygulamas\u0131n\u0131n s\u00fcreklilik arz edecek tarzda kal\u0131c\u0131 hale d\u00f6n\u00fc\u015ft\u00fcr\u00fclmesi, dolay\u0131s\u0131yla; ilgilinin kadrosundan al\u0131narak belediye ba\u015fkanl\u0131\u011f\u0131 g\u00f6revine fiilen son verme sonucunu do\u011furdu\u011fu a\u00e7\u0131k olup, idareye tan\u0131nan takdir yetkisinin Anayasa ve Yasadaki amac\u0131na uygun olarak kullan\u0131lmad\u0131\u011f\u0131 kanaatine var\u0131ld\u0131\u011f\u0131ndan, davac\u0131n\u0131n g\u00f6revinden s\u00fcrekli olarak uzakla\u015ft\u0131r\u0131lmas\u0131 sonucunu do\u011furacak bi\u00e7imde tesis edilen dava konusu i\u015flemde hukuka uyarl\u0131k bulunmad\u0131\u011f\u0131 sonucuna var\u0131lm\u0131\u015ft\u0131r.&#8221;<br \/><\/p>\n","protected":false},"excerpt":{"rendered":"<p>Makam odas\u0131nda 2 ki\u015finin darbedilmesine ili\u015fkin soru\u015fturma kapsam\u0131nda tutuklanan ve ard\u0131ndan \u0130\u00e7i\u015fleri Bakanl\u0131\u011f\u0131 taraf\u0131ndan g\u00f6revden uzakla\u015ft\u0131r\u0131lan Kula Belediye Ba\u015fkan\u0131 Hikmet D\u00f6nmez hakk\u0131ndaki a\u00e7\u0131\u011fa al\u0131nma karar\u0131, ge\u00e7ti\u011fimiz haftalarda Manisa \u0130dare Mahkemesi taraf\u0131ndan iptal edilmi\u015fti. Mahkemenin ald\u0131\u011f\u0131 karar do\u011frultusunda \u0130\u00e7i\u015fleri Bakanl\u0131\u011f\u0131 taraf\u0131ndan Ba\u015fkan Hikmet D\u00f6nmez\u2019in g\u00f6revine d\u00f6nmesine onay verildi. 27 Haziran 2024 tarihinde makam odas\u0131nda \u00e7\u0131kan arbede&#8230;<\/p>\n","protected":false},"author":1,"featured_media":23091,"comment_status":"open","ping_status":"open","sticky":false,"template":"","format":"standard","meta":{"_crdt_document":"","footnotes":""},"categories":[127],"tags":[],"class_list":["post-23090","post","type-post","status-publish","format-standard","has-post-thumbnail","hentry","category-siyaset"],"_links":{"self":[{"href":"https:\/\/www.egemtv.com\/index.php?rest_route=\/wp\/v2\/posts\/23090","targetHints":{"allow":["GET"]}}],"collection":[{"href":"https:\/\/www.egemtv.com\/index.php?rest_route=\/wp\/v2\/posts"}],"about":[{"href":"https:\/\/www.egemtv.com\/index.php?rest_route=\/wp\/v2\/types\/post"}],"author":[{"embeddable":true,"href":"https:\/\/www.egemtv.com\/index.php?rest_route=\/wp\/v2\/users\/1"}],"replies":[{"embeddable":true,"href":"https:\/\/www.egemtv.com\/index.php?rest_route=%2Fwp%2Fv2%2Fcomments&post=23090"}],"version-history":[{"count":1,"href":"https:\/\/www.egemtv.com\/index.php?rest_route=\/wp\/v2\/posts\/23090\/revisions"}],"predecessor-version":[{"id":23092,"href":"https:\/\/www.egemtv.com\/index.php?rest_route=\/wp\/v2\/posts\/23090\/revisions\/23092"}],"wp:featuredmedia":[{"embeddable":true,"href":"https:\/\/www.egemtv.com\/index.php?rest_route=\/wp\/v2\/media\/23091"}],"wp:attachment":[{"href":"https:\/\/www.egemtv.com\/index.php?rest_route=%2Fwp%2Fv2%2Fmedia&parent=23090"}],"wp:term":[{"taxonomy":"category","embeddable":true,"href":"https:\/\/www.egemtv.com\/index.php?rest_route=%2Fwp%2Fv2%2Fcategories&post=23090"},{"taxonomy":"post_tag","embeddable":true,"href":"https:\/\/www.egemtv.com\/index.php?rest_route=%2Fwp%2Fv2%2Ftags&post=23090"}],"curies":[{"name":"wp","href":"https:\/\/api.w.org\/{rel}","templated":true}]}}