{"id":23054,"date":"2025-02-28T16:15:42","date_gmt":"2025-02-28T13:15:42","guid":{"rendered":"https:\/\/www.egemtv.com\/?p=23054"},"modified":"2025-02-28T16:15:46","modified_gmt":"2025-02-28T13:15:46","slug":"usakta-okul-guvenligi-toplantisi-gerceklestirildi","status":"publish","type":"post","link":"https:\/\/www.egemtv.com\/?p=23054","title":{"rendered":"U\u015fak\u2019ta Okul G\u00fcvenli\u011fi Toplant\u0131s\u0131 ger\u00e7ekle\u015ftirildi"},"content":{"rendered":"<p>U\u015fak Valisi Naci Akta\u015f ba\u015fkanl\u0131\u011f\u0131nda Okul G\u00fcvenli\u011fi Toplant\u0131s\u0131 ger\u00e7ekle\u015ftirildi.<\/p>\n<p>Ertu\u011frul Gazi Anadolu \u0130mam Hatip Lisesi Fen ve Sosyal Bilgiler Proje Okulu\u2019nda ger\u00e7ekle\u015ftirilen toplant\u0131ya U\u015fak Valisi Naci Akta\u015f\u2019\u0131n yan\u0131 s\u0131ra Vali Yard\u0131mc\u0131s\u0131 Bar\u0131\u015f Demirta\u015f, \u0130l Emniyet M\u00fcd\u00fcr\u00fc Mehmet Ali Kolcu, \u0130l Jandarma Komutan\u0131 Fahri Semiz, \u0130l Milli E\u011fitim M\u00fcd\u00fcr Vekili Ali Emir, okul m\u00fcd\u00fcrleri, okul aile birli\u011fi ba\u015fkanlar\u0131 ile emniyet ve jandarma personeli kat\u0131ld\u0131.<br \/>\n<br \/>Toplant\u0131da \u0130l Milli E\u011fitim M\u00fcd\u00fcrl\u00fc\u011f\u00fc, \u0130l Emniyet M\u00fcd\u00fcrl\u00fc\u011f\u00fc ve \u0130l Jandarma Komutanl\u0131\u011f\u0131 taraf\u0131ndan okul g\u00fcvenli\u011fine y\u00f6nelik yap\u0131lan \u00e7al\u0131\u015fmalarla ilgili sunumlar yap\u0131ld\u0131.<br \/>\n<br \/>Sunumlar\u0131n ard\u0131ndan konu\u015fan Vali Akta\u015f &#8220;\u0130limizin genel ba\u015far\u0131s\u0131 \u00f6l\u00e7ek illere g\u00f6re k\u0131yaslad\u0131\u011f\u0131m\u0131zda olduk\u00e7a iyi. Bu; okul y\u00f6netimi, \u00f6\u011fretmen, \u00f6\u011frenci ve veli gayretidir. Bundan dolay\u0131 tebrik ve te\u015fekk\u00fcr ediyorum. Biz bir aileyiz. Ben Valiyim ama ayn\u0131 zamanda bir de veliyim. Ba\u015far\u0131 hepimizin ba\u015far\u0131s\u0131d\u0131r. Ba\u015far\u0131s\u0131zl\u0131k ise hepimizin ba\u015far\u0131s\u0131zl\u0131\u011f\u0131d\u0131r ve bunda en \u00f6nemli sorumluluk bizlerdedir. \u0130limizdeki b\u00fct\u00fcn kamu kurumlar\u0131m\u0131z, sivil toplum kurulu\u015flar\u0131m\u0131z, okullar\u0131m\u0131z, \u00f6\u011fretmen ve idarecilerimiz, velilerimiz hep beraber hareket ederek okullar\u0131m\u0131z\u0131n g\u00fcvenli\u011fi ve ba\u015far\u0131l\u0131 bir e\u011fitim- \u00f6\u011fretim y\u0131l\u0131 i\u00e7in koordineli bir \u00e7al\u0131\u015fma i\u00e7erisinde olmal\u0131y\u0131z. Hedefimiz en de\u011ferli varl\u0131klar\u0131m\u0131z olan \u00e7ocuklar\u0131m\u0131z\u0131n her y\u00f6n\u00fcyle sa\u011fl\u0131kl\u0131, ahlakl\u0131, bilgili ve donan\u0131ml\u0131 bireyler olarak yeti\u015fmeleridir&#8221; dedi.<br \/>\n<br \/>Toplant\u0131 kat\u0131l\u0131mc\u0131lar\u0131n g\u00f6r\u00fc\u015f ve taleplerinin al\u0131nmas\u0131yla sona erdi.<br \/><\/p>\n","protected":false},"excerpt":{"rendered":"<p>U\u015fak Valisi Naci Akta\u015f ba\u015fkanl\u0131\u011f\u0131nda Okul G\u00fcvenli\u011fi Toplant\u0131s\u0131 ger\u00e7ekle\u015ftirildi. Ertu\u011frul Gazi Anadolu \u0130mam Hatip Lisesi Fen ve Sosyal Bilgiler Proje Okulu\u2019nda ger\u00e7ekle\u015ftirilen toplant\u0131ya U\u015fak Valisi Naci Akta\u015f\u2019\u0131n yan\u0131 s\u0131ra Vali Yard\u0131mc\u0131s\u0131 Bar\u0131\u015f Demirta\u015f, \u0130l Emniyet M\u00fcd\u00fcr\u00fc Mehmet Ali Kolcu, \u0130l Jandarma Komutan\u0131 Fahri Semiz, \u0130l Milli E\u011fitim M\u00fcd\u00fcr Vekili Ali Emir, okul m\u00fcd\u00fcrleri, okul aile&#8230;<\/p>\n","protected":false},"author":1,"featured_media":23055,"comment_status":"open","ping_status":"open","sticky":false,"template":"","format":"standard","meta":{"_crdt_document":"","footnotes":""},"categories":[1],"tags":[],"class_list":["post-23054","post","type-post","status-publish","format-standard","has-post-thumbnail","hentry","category-guncel"],"_links":{"self":[{"href":"https:\/\/www.egemtv.com\/index.php?rest_route=\/wp\/v2\/posts\/23054","targetHints":{"allow":["GET"]}}],"collection":[{"href":"https:\/\/www.egemtv.com\/index.php?rest_route=\/wp\/v2\/posts"}],"about":[{"href":"https:\/\/www.egemtv.com\/index.php?rest_route=\/wp\/v2\/types\/post"}],"author":[{"embeddable":true,"href":"https:\/\/www.egemtv.com\/index.php?rest_route=\/wp\/v2\/users\/1"}],"replies":[{"embeddable":true,"href":"https:\/\/www.egemtv.com\/index.php?rest_route=%2Fwp%2Fv2%2Fcomments&post=23054"}],"version-history":[{"count":1,"href":"https:\/\/www.egemtv.com\/index.php?rest_route=\/wp\/v2\/posts\/23054\/revisions"}],"predecessor-version":[{"id":23056,"href":"https:\/\/www.egemtv.com\/index.php?rest_route=\/wp\/v2\/posts\/23054\/revisions\/23056"}],"wp:featuredmedia":[{"embeddable":true,"href":"https:\/\/www.egemtv.com\/index.php?rest_route=\/wp\/v2\/media\/23055"}],"wp:attachment":[{"href":"https:\/\/www.egemtv.com\/index.php?rest_route=%2Fwp%2Fv2%2Fmedia&parent=23054"}],"wp:term":[{"taxonomy":"category","embeddable":true,"href":"https:\/\/www.egemtv.com\/index.php?rest_route=%2Fwp%2Fv2%2Fcategories&post=23054"},{"taxonomy":"post_tag","embeddable":true,"href":"https:\/\/www.egemtv.com\/index.php?rest_route=%2Fwp%2Fv2%2Ftags&post=23054"}],"curies":[{"name":"wp","href":"https:\/\/api.w.org\/{rel}","templated":true}]}}