{"id":23048,"date":"2025-02-28T16:15:35","date_gmt":"2025-02-28T13:15:35","guid":{"rendered":"https:\/\/www.egemtv.com\/?p=23048"},"modified":"2025-02-28T16:15:40","modified_gmt":"2025-02-28T13:15:40","slug":"milas-meslek-yuksekokulunda-turizmin-gelecegi-konusuldu","status":"publish","type":"post","link":"https:\/\/www.egemtv.com\/?p=23048","title":{"rendered":"Milas Meslek Y\u00fcksekokulu\u2019nda turizmin gelece\u011fi konu\u015fuldu"},"content":{"rendered":"<p>Mu\u011fla S\u0131tk\u0131 Ko\u00e7man \u00dcniversitesi Milas Meslek Y\u00fcksekokulu, turizm sekt\u00f6r\u00fcne ilgi duyan \u00f6\u011frenciler i\u00e7in \u00f6nemli bir etkinli\u011fe ev sahipli\u011fi yapt\u0131. \u2018Turizm Sohbet Toplant\u0131lar\u0131-1\u2019 kapsam\u0131nda d\u00fczenlenen \u2018Bir Meslek Olarak Otelcilik\u2019 adl\u0131 s\u00f6yle\u015fide, alan\u0131nda uzman isimler \u00f6\u011frencilerle bulu\u015farak, sekt\u00f6rdeki tecr\u00fcbelerini payla\u015ft\u0131.<br \/>\n<br \/>S\u00f6yle\u015fiye; Bodrum\u2019dan \u00e7ok say\u0131da profesyonel otel y\u00f6neticisi konu\u015fmac\u0131 olarak kat\u0131ld\u0131. Etkinlik, Milas Meslek Y\u00fcksekokulu Otel, Lokanta ve \u0130kram Hizmetleri B\u00f6l\u00fcm\u00fc \u00f6\u011frencilerine turizm sekt\u00f6r\u00fcn\u00fcn dinamiklerini yak\u0131ndan tan\u0131ma f\u0131rsat\u0131 sundu.<br \/>\n<br \/>\u00d6\u011frencilerin sekt\u00f6rdeki gelece\u011fi ele al\u0131nd\u0131<br \/>\n<br \/>Konu\u015fmac\u0131lar, turizm sekt\u00f6r\u00fcn\u00fcn s\u00fcrekli geli\u015fen ve de\u011fi\u015fen yap\u0131s\u0131 hakk\u0131nda \u00f6\u011frencilere \u00f6nemli bilgiler verdi. S\u00f6yle\u015fi kapsam\u0131nda \u00f6zellikle \u00f6\u011frencilerin staj d\u00f6nemlerinde kar\u015f\u0131la\u015fabilecekleri zorluklar, mezuniyet sonras\u0131 i\u015f d\u00fcnyas\u0131na g\u00fc\u00e7l\u00fc bir ad\u0131m atabilmeleri ve kariyerlerini do\u011fru y\u00f6nlendirmeleri \u00fczerine de\u011ferli \u00f6nerilerde bulunuldu.<br \/>\n<br \/>Bodrum Profesyonel Otel Y\u00f6neticileri Derne\u011fi Ba\u015fkan\u0131 Sabahattin Duman, turizm sekt\u00f6r\u00fcn\u00fcn istihdam imk\u00e2nlar\u0131 ve kariyer basamaklar\u0131 hakk\u0131nda bilgiler verirken, \u00d6zg\u00fcr Erol, otelcilik sekt\u00f6r\u00fcndeki k\u00fcresel geli\u015fmeleri ve m\u00fc\u015fteri memnuniyetinin \u00f6nemini vurgulad\u0131. Hapimag Resort Sea Garden Otel Operasyon M\u00fcd\u00fcr\u00fc \u0130lker Ada\u015f ise operasyon y\u00f6netimi, kriz y\u00f6netimi ve ekip \u00e7al\u0131\u015fmas\u0131n\u0131n sekt\u00f6rdeki kritik rol\u00fcne de\u011findi.<br \/>\n<br \/>M\u00fcd\u00fcr Prof. Dr. H\u00fcseyin \u00c7eken\u2019den te\u015fekk\u00fcr<br \/>\n<br \/>Milas Meslek Y\u00fcksekokulu M\u00fcd\u00fcr\u00fc Prof. Dr. H\u00fcseyin \u00c7eken\u2019in y\u00f6netiminde ger\u00e7ekle\u015fen s\u00f6yle\u015finin sonunda, kat\u0131l\u0131mc\u0131lara turizm sekt\u00f6r\u00fcne sa\u011flad\u0131klar\u0131 katk\u0131lar ve \u00f6\u011frencilere sunduklar\u0131 rehberlik i\u00e7in te\u015fekk\u00fcr belgeleri takdim edildi.<br \/>\n<br \/>Etkinlik, kat\u0131l\u0131mc\u0131lar\u0131n ve \u00f6\u011frencilerin bir araya gelerek toplu hat\u0131ra foto\u011fraf\u0131 \u00e7ektirmesiyle sona erdi. Milas Meslek Y\u00fcksekokulu, Turizm Sohbet Toplant\u0131lar\u0131 serisinin devam edece\u011fini belirterek, \u00f6\u011frencilerin sekt\u00f6rel geli\u015fmeleri yak\u0131ndan takip etmelerine imkan tan\u0131yacak etkinliklerin s\u00fcrece\u011fini duyurdu.<br \/><\/p>\n","protected":false},"excerpt":{"rendered":"<p>Mu\u011fla S\u0131tk\u0131 Ko\u00e7man \u00dcniversitesi Milas Meslek Y\u00fcksekokulu, turizm sekt\u00f6r\u00fcne ilgi duyan \u00f6\u011frenciler i\u00e7in \u00f6nemli bir etkinli\u011fe ev sahipli\u011fi yapt\u0131. \u2018Turizm Sohbet Toplant\u0131lar\u0131-1\u2019 kapsam\u0131nda d\u00fczenlenen \u2018Bir Meslek Olarak Otelcilik\u2019 adl\u0131 s\u00f6yle\u015fide, alan\u0131nda uzman isimler \u00f6\u011frencilerle bulu\u015farak, sekt\u00f6rdeki tecr\u00fcbelerini payla\u015ft\u0131. S\u00f6yle\u015fiye; Bodrum\u2019dan \u00e7ok say\u0131da profesyonel otel y\u00f6neticisi konu\u015fmac\u0131 olarak kat\u0131ld\u0131. Etkinlik, Milas Meslek Y\u00fcksekokulu Otel, Lokanta ve&#8230;<\/p>\n","protected":false},"author":1,"featured_media":23049,"comment_status":"open","ping_status":"open","sticky":false,"template":"","format":"standard","meta":{"_crdt_document":"","footnotes":""},"categories":[125],"tags":[],"class_list":["post-23048","post","type-post","status-publish","format-standard","has-post-thumbnail","hentry","category-ekonomi"],"_links":{"self":[{"href":"https:\/\/www.egemtv.com\/index.php?rest_route=\/wp\/v2\/posts\/23048","targetHints":{"allow":["GET"]}}],"collection":[{"href":"https:\/\/www.egemtv.com\/index.php?rest_route=\/wp\/v2\/posts"}],"about":[{"href":"https:\/\/www.egemtv.com\/index.php?rest_route=\/wp\/v2\/types\/post"}],"author":[{"embeddable":true,"href":"https:\/\/www.egemtv.com\/index.php?rest_route=\/wp\/v2\/users\/1"}],"replies":[{"embeddable":true,"href":"https:\/\/www.egemtv.com\/index.php?rest_route=%2Fwp%2Fv2%2Fcomments&post=23048"}],"version-history":[{"count":1,"href":"https:\/\/www.egemtv.com\/index.php?rest_route=\/wp\/v2\/posts\/23048\/revisions"}],"predecessor-version":[{"id":23050,"href":"https:\/\/www.egemtv.com\/index.php?rest_route=\/wp\/v2\/posts\/23048\/revisions\/23050"}],"wp:featuredmedia":[{"embeddable":true,"href":"https:\/\/www.egemtv.com\/index.php?rest_route=\/wp\/v2\/media\/23049"}],"wp:attachment":[{"href":"https:\/\/www.egemtv.com\/index.php?rest_route=%2Fwp%2Fv2%2Fmedia&parent=23048"}],"wp:term":[{"taxonomy":"category","embeddable":true,"href":"https:\/\/www.egemtv.com\/index.php?rest_route=%2Fwp%2Fv2%2Fcategories&post=23048"},{"taxonomy":"post_tag","embeddable":true,"href":"https:\/\/www.egemtv.com\/index.php?rest_route=%2Fwp%2Fv2%2Ftags&post=23048"}],"curies":[{"name":"wp","href":"https:\/\/api.w.org\/{rel}","templated":true}]}}