{"id":23045,"date":"2025-02-28T15:46:40","date_gmt":"2025-02-28T12:46:40","guid":{"rendered":"https:\/\/www.egemtv.com\/?p=23045"},"modified":"2025-02-28T15:46:44","modified_gmt":"2025-02-28T12:46:44","slug":"manisada-okul-sporlari-floor-curling-il-birinciligi-musabakalari-tamamlandi","status":"publish","type":"post","link":"https:\/\/www.egemtv.com\/?p=23045","title":{"rendered":"Manisa\u2019da Okul Sporlar\u0131 Floor Curling \u0130l Birincili\u011fi M\u00fcsabakalar\u0131 tamamland\u0131"},"content":{"rendered":"<p>Manisa Gen\u00e7lik ve Spor \u0130l M\u00fcd\u00fcrl\u00fc\u011f\u00fc taraf\u0131ndan d\u00fczenlenen 2024-2025 E\u011fitim \u00d6\u011fretim Y\u0131l\u0131 Okul Sporlar\u0131 Floor Curling Y\u0131ld\u0131z K\u0131zlar ve Erkekler \u0130l Birincili\u011fi m\u00fcsabakalar\u0131nda birinci olan tak\u0131mlar Manisa\u2019y\u0131 temsil etmeye hak kazand\u0131.<br \/>\n<br \/>Manisa Gen\u00e7lik ve Spor \u0130l M\u00fcd\u00fcrl\u00fc\u011f\u00fc taraf\u0131ndan d\u00fczenlenen 2024-2025 E\u011fitim \u00d6\u011fretim Y\u0131l\u0131 Okul Sporlar\u0131 Floor Curling Y\u0131ld\u0131z K\u0131zlar ve Erkekler \u0130l Birincili\u011fi m\u00fcsabakalar\u0131 sona erdi. Akhisar Gen\u00e7lik Merkezi Spor Salonu\u2019nda ger\u00e7ekle\u015ftirilen final kar\u015f\u0131la\u015fmalar\u0131, b\u00fcy\u00fck bir heyecan ve \u00e7eki\u015fmeye sahne oldu. Y\u0131ld\u0131z K\u0131zlar Kategorisi\u2019nde birincili\u011fi Akhisar Bah\u00e7e\u015fehir Koleji elde ederken, ikinci Akhisar Hilaliye K\u0131z Anadolu \u0130mam Hatip Ortaokulu, \u00fc\u00e7\u00fcnc\u00fc Akhisar Ball\u0131ca Ortaokulu ve d\u00f6rd\u00fcnc\u00fc Akhisar Ayvaz Dede \u0130mam Hatip Ortaokulu oldu.<br \/>\n<br \/>Y\u0131ld\u0131z Erkekler Kategorisi\u2019nde ise birinci Salihli Duras\u0131ll\u0131 Mimar Sinan Ortaokulu, ikinci Akhisar Mehmet Keskino\u011flu Ortaokulu, \u00fc\u00e7\u00fcnc\u00fc Akhisar Zeytinliova Ortaokulu ve d\u00f6rd\u00fcnc\u00fc Akhisar Ayvaz Dede \u0130mam Hatip Ortaokulu s\u0131raland\u0131.<br \/>\n<br \/>Y\u0131ld\u0131z \u0130l Karmas\u0131\u2019nda birinci Salihli Duras\u0131ll\u0131 Mimar Sinan Ortaokulu, ikinci Zeytinliova Ortaokulu, \u00fc\u00e7\u00fcnc\u00fc Akhisar Mehmet Keskino\u011flu Ortaokulu ve d\u00f6rd\u00fcnc\u00fc Salihli Bah\u00e7e\u015fehir Koleji oldu.<br \/>\n<br \/>Dereceye giren tak\u0131mlara madalya ve kupalar\u0131n\u0131, Akhisar Gen\u00e7lik ve Spor \u0130l\u00e7e M\u00fcd\u00fcr\u00fc Hasan H\u00fcseyin Oktay, Akhisar Gen\u00e7lik Merkezi M\u00fcd\u00fcr\u00fc Ali D\u00f6nmez ve beden e\u011fitimi \u00f6\u011fretmenleri takdim etti.<br \/>\n<br \/>Birinci olan okul tak\u0131mlar\u0131, grup yar\u0131\u015fmalar\u0131nda Manisa\u2019y\u0131 temsil etme hakk\u0131 kazand\u0131.<br \/><\/p>\n","protected":false},"excerpt":{"rendered":"<p>Manisa Gen\u00e7lik ve Spor \u0130l M\u00fcd\u00fcrl\u00fc\u011f\u00fc taraf\u0131ndan d\u00fczenlenen 2024-2025 E\u011fitim \u00d6\u011fretim Y\u0131l\u0131 Okul Sporlar\u0131 Floor Curling Y\u0131ld\u0131z K\u0131zlar ve Erkekler \u0130l Birincili\u011fi m\u00fcsabakalar\u0131nda birinci olan tak\u0131mlar Manisa\u2019y\u0131 temsil etmeye hak kazand\u0131. Manisa Gen\u00e7lik ve Spor \u0130l M\u00fcd\u00fcrl\u00fc\u011f\u00fc taraf\u0131ndan d\u00fczenlenen 2024-2025 E\u011fitim \u00d6\u011fretim Y\u0131l\u0131 Okul Sporlar\u0131 Floor Curling Y\u0131ld\u0131z K\u0131zlar ve Erkekler \u0130l Birincili\u011fi m\u00fcsabakalar\u0131 sona&#8230;<\/p>\n","protected":false},"author":1,"featured_media":23046,"comment_status":"open","ping_status":"open","sticky":false,"template":"","format":"standard","meta":{"_crdt_document":"","footnotes":""},"categories":[4],"tags":[],"class_list":["post-23045","post","type-post","status-publish","format-standard","has-post-thumbnail","hentry","category-spor"],"_links":{"self":[{"href":"https:\/\/www.egemtv.com\/index.php?rest_route=\/wp\/v2\/posts\/23045","targetHints":{"allow":["GET"]}}],"collection":[{"href":"https:\/\/www.egemtv.com\/index.php?rest_route=\/wp\/v2\/posts"}],"about":[{"href":"https:\/\/www.egemtv.com\/index.php?rest_route=\/wp\/v2\/types\/post"}],"author":[{"embeddable":true,"href":"https:\/\/www.egemtv.com\/index.php?rest_route=\/wp\/v2\/users\/1"}],"replies":[{"embeddable":true,"href":"https:\/\/www.egemtv.com\/index.php?rest_route=%2Fwp%2Fv2%2Fcomments&post=23045"}],"version-history":[{"count":1,"href":"https:\/\/www.egemtv.com\/index.php?rest_route=\/wp\/v2\/posts\/23045\/revisions"}],"predecessor-version":[{"id":23047,"href":"https:\/\/www.egemtv.com\/index.php?rest_route=\/wp\/v2\/posts\/23045\/revisions\/23047"}],"wp:featuredmedia":[{"embeddable":true,"href":"https:\/\/www.egemtv.com\/index.php?rest_route=\/wp\/v2\/media\/23046"}],"wp:attachment":[{"href":"https:\/\/www.egemtv.com\/index.php?rest_route=%2Fwp%2Fv2%2Fmedia&parent=23045"}],"wp:term":[{"taxonomy":"category","embeddable":true,"href":"https:\/\/www.egemtv.com\/index.php?rest_route=%2Fwp%2Fv2%2Fcategories&post=23045"},{"taxonomy":"post_tag","embeddable":true,"href":"https:\/\/www.egemtv.com\/index.php?rest_route=%2Fwp%2Fv2%2Ftags&post=23045"}],"curies":[{"name":"wp","href":"https:\/\/api.w.org\/{rel}","templated":true}]}}