{"id":22697,"date":"2025-02-27T11:07:03","date_gmt":"2025-02-27T08:07:03","guid":{"rendered":"https:\/\/www.egemtv.com\/?p=22697"},"modified":"2025-02-27T11:07:09","modified_gmt":"2025-02-27T08:07:09","slug":"gunlerdir-etkili-olan-firtina-balikcilari-olumsuz-etkiledi","status":"publish","type":"post","link":"https:\/\/www.egemtv.com\/?p=22697","title":{"rendered":"G\u00fcnlerdir etkili olan f\u0131rt\u0131na bal\u0131k\u00e7\u0131lar\u0131 olumsuz etkiledi"},"content":{"rendered":"<p>Ayd\u0131n\u2019\u0131n S\u00f6ke, Didim ve Ku\u015fadas\u0131 \u0130l\u00e7eleri aras\u0131nda yer alan Dalyan Karina B\u00f6lgesi\u2019nde bu y\u0131l etkili olan f\u0131rt\u0131nalar\u0131n bal\u0131k\u00e7\u0131lar\u0131 olumsuz etkiledi\u011fi belirtildi. A\u011flara bal\u0131ktan daha fazla \u00e7\u00f6p yosun tak\u0131ld\u0131\u011f\u0131n\u0131 belirten bal\u0131k\u00e7\u0131lar &#8220;Bu sezon denizden umdu\u011fumuzu bulamad\u0131k&#8221; dediler.<\/p>\n<p>Ayn\u0131 zamanda G\u00fczel\u00e7aml\u0131 Millipark s\u0131n\u0131rlar\u0131 i\u00e7erisinde yer alan Dalyan Karina B\u00f6lgesi\u2019nin 28 memeli, 42 s\u00fcr\u00fcngen, 45 \u00e7e\u015fit bal\u0131k t\u00fcr\u00fcne ve \u00e7ok say\u0131da deniz canl\u0131s\u0131na ev sahipli\u011fi yapt\u0131\u011f\u0131n\u0131 belirten b\u00f6lgenin en k\u0131demli bal\u0131k\u00e7\u0131lar\u0131ndan Nihat Kaya, &#8220;\u00c7ocuklu\u011fumdan bu yana bu b\u00f6lgede bal\u0131k\u00e7\u0131l\u0131k yapar\u0131m. Zaman zaman s\u0131k\u0131nt\u0131l\u0131 d\u00f6nemler ya\u015fad\u0131k. Ancak bu y\u0131l etkili olan f\u0131rt\u0131nalardan dolay\u0131 Dalyan\u2019da ciddi s\u0131k\u0131nt\u0131 olu\u015ftu. A\u011f att\u0131\u011f\u0131m\u0131zda toplarken ciddi s\u0131k\u0131nt\u0131 ya\u015f\u0131yoruz. A\u011flar yosun ve \u00e7\u00f6p doldu\u011fu i\u00e7in \u00e7ekmesi, ay\u0131klamas\u0131 ve kurutmas\u0131 \u00e7ok zor oluyor. Bu nedenle bu sezon umdu\u011fumuzu bulamad\u0131k&#8221; dedi.<br \/><\/p>\n","protected":false},"excerpt":{"rendered":"<p>Ayd\u0131n\u2019\u0131n S\u00f6ke, Didim ve Ku\u015fadas\u0131 \u0130l\u00e7eleri aras\u0131nda yer alan Dalyan Karina B\u00f6lgesi\u2019nde bu y\u0131l etkili olan f\u0131rt\u0131nalar\u0131n bal\u0131k\u00e7\u0131lar\u0131 olumsuz etkiledi\u011fi belirtildi. A\u011flara bal\u0131ktan daha fazla \u00e7\u00f6p yosun tak\u0131ld\u0131\u011f\u0131n\u0131 belirten bal\u0131k\u00e7\u0131lar &#8220;Bu sezon denizden umdu\u011fumuzu bulamad\u0131k&#8221; dediler. Ayn\u0131 zamanda G\u00fczel\u00e7aml\u0131 Millipark s\u0131n\u0131rlar\u0131 i\u00e7erisinde yer alan Dalyan Karina B\u00f6lgesi\u2019nin 28 memeli, 42 s\u00fcr\u00fcngen, 45 \u00e7e\u015fit bal\u0131k t\u00fcr\u00fcne&#8230;<\/p>\n","protected":false},"author":1,"featured_media":22698,"comment_status":"open","ping_status":"open","sticky":false,"template":"","format":"standard","meta":{"_crdt_document":"","footnotes":""},"categories":[1],"tags":[],"class_list":["post-22697","post","type-post","status-publish","format-standard","has-post-thumbnail","hentry","category-guncel"],"_links":{"self":[{"href":"https:\/\/www.egemtv.com\/index.php?rest_route=\/wp\/v2\/posts\/22697","targetHints":{"allow":["GET"]}}],"collection":[{"href":"https:\/\/www.egemtv.com\/index.php?rest_route=\/wp\/v2\/posts"}],"about":[{"href":"https:\/\/www.egemtv.com\/index.php?rest_route=\/wp\/v2\/types\/post"}],"author":[{"embeddable":true,"href":"https:\/\/www.egemtv.com\/index.php?rest_route=\/wp\/v2\/users\/1"}],"replies":[{"embeddable":true,"href":"https:\/\/www.egemtv.com\/index.php?rest_route=%2Fwp%2Fv2%2Fcomments&post=22697"}],"version-history":[{"count":1,"href":"https:\/\/www.egemtv.com\/index.php?rest_route=\/wp\/v2\/posts\/22697\/revisions"}],"predecessor-version":[{"id":22699,"href":"https:\/\/www.egemtv.com\/index.php?rest_route=\/wp\/v2\/posts\/22697\/revisions\/22699"}],"wp:featuredmedia":[{"embeddable":true,"href":"https:\/\/www.egemtv.com\/index.php?rest_route=\/wp\/v2\/media\/22698"}],"wp:attachment":[{"href":"https:\/\/www.egemtv.com\/index.php?rest_route=%2Fwp%2Fv2%2Fmedia&parent=22697"}],"wp:term":[{"taxonomy":"category","embeddable":true,"href":"https:\/\/www.egemtv.com\/index.php?rest_route=%2Fwp%2Fv2%2Fcategories&post=22697"},{"taxonomy":"post_tag","embeddable":true,"href":"https:\/\/www.egemtv.com\/index.php?rest_route=%2Fwp%2Fv2%2Ftags&post=22697"}],"curies":[{"name":"wp","href":"https:\/\/api.w.org\/{rel}","templated":true}]}}