{"id":22694,"date":"2025-02-27T11:06:56","date_gmt":"2025-02-27T08:06:56","guid":{"rendered":"https:\/\/www.egemtv.com\/?p=22694"},"modified":"2025-02-27T11:07:03","modified_gmt":"2025-02-27T08:07:03","slug":"denizlide-seyir-halindeki-tofas-alev-alev-yandi","status":"publish","type":"post","link":"https:\/\/www.egemtv.com\/?p=22694","title":{"rendered":"Denizli\u2019de seyir halindeki Tofa\u015f alev alev yand\u0131"},"content":{"rendered":"<p>Denizli\u2019de seyir halindeki Fiat Tofa\u015f otomobil, alev alev yand\u0131.<br \/>\n<br \/>Olay, gece saatlerinde Merkezefendi il\u00e7esine ba\u011fl\u0131 Akkonak Mahallesi 1828 Sokak\u2019ta meydana geldi. Edinilen bilgiye g\u00f6re, seyir halinde olan Tofa\u015f marka otomobil, Ye\u015filk\u00f6y Caddesi\u2019ne ge\u00e7i\u015f yapaca\u011f\u0131 esnada bir anda motor k\u0131sm\u0131ndan alev ald\u0131. Alevler k\u0131sa s\u00fcrede arac\u0131n \u00f6n k\u0131sm\u0131n\u0131 kaplad\u0131. Ailesiyle birlikte yolculuk eden s\u00fcr\u00fcc\u00fc, arac\u0131 yol kenar\u0131na \u00e7ekip 112 Acil \u00c7a\u011fr\u0131 Merkezini arad\u0131. \u0130hbar \u00fczerine b\u00f6lgeye polis ve itfaiye ekipleri sevk edildi. K\u0131sa s\u00fcrede olay yerine gelen itfaiye ekipleri yang\u0131na m\u00fcdahale etti. Motor k\u0131sm\u0131 tamamen yanan otomobil kullan\u0131lmaz hale geldi. Yang\u0131nla ilgili inceleme ba\u015flat\u0131ld\u0131.<br \/><\/p>\n","protected":false},"excerpt":{"rendered":"<p>Denizli\u2019de seyir halindeki Fiat Tofa\u015f otomobil, alev alev yand\u0131. Olay, gece saatlerinde Merkezefendi il\u00e7esine ba\u011fl\u0131 Akkonak Mahallesi 1828 Sokak\u2019ta meydana geldi. Edinilen bilgiye g\u00f6re, seyir halinde olan Tofa\u015f marka otomobil, Ye\u015filk\u00f6y Caddesi\u2019ne ge\u00e7i\u015f yapaca\u011f\u0131 esnada bir anda motor k\u0131sm\u0131ndan alev ald\u0131. Alevler k\u0131sa s\u00fcrede arac\u0131n \u00f6n k\u0131sm\u0131n\u0131 kaplad\u0131. Ailesiyle birlikte yolculuk eden s\u00fcr\u00fcc\u00fc, arac\u0131 yol&#8230;<\/p>\n","protected":false},"author":1,"featured_media":22695,"comment_status":"open","ping_status":"open","sticky":false,"template":"","format":"standard","meta":{"_crdt_document":"","footnotes":""},"categories":[5],"tags":[],"class_list":["post-22694","post","type-post","status-publish","format-standard","has-post-thumbnail","hentry","category-asayis"],"_links":{"self":[{"href":"https:\/\/www.egemtv.com\/index.php?rest_route=\/wp\/v2\/posts\/22694","targetHints":{"allow":["GET"]}}],"collection":[{"href":"https:\/\/www.egemtv.com\/index.php?rest_route=\/wp\/v2\/posts"}],"about":[{"href":"https:\/\/www.egemtv.com\/index.php?rest_route=\/wp\/v2\/types\/post"}],"author":[{"embeddable":true,"href":"https:\/\/www.egemtv.com\/index.php?rest_route=\/wp\/v2\/users\/1"}],"replies":[{"embeddable":true,"href":"https:\/\/www.egemtv.com\/index.php?rest_route=%2Fwp%2Fv2%2Fcomments&post=22694"}],"version-history":[{"count":1,"href":"https:\/\/www.egemtv.com\/index.php?rest_route=\/wp\/v2\/posts\/22694\/revisions"}],"predecessor-version":[{"id":22696,"href":"https:\/\/www.egemtv.com\/index.php?rest_route=\/wp\/v2\/posts\/22694\/revisions\/22696"}],"wp:featuredmedia":[{"embeddable":true,"href":"https:\/\/www.egemtv.com\/index.php?rest_route=\/wp\/v2\/media\/22695"}],"wp:attachment":[{"href":"https:\/\/www.egemtv.com\/index.php?rest_route=%2Fwp%2Fv2%2Fmedia&parent=22694"}],"wp:term":[{"taxonomy":"category","embeddable":true,"href":"https:\/\/www.egemtv.com\/index.php?rest_route=%2Fwp%2Fv2%2Fcategories&post=22694"},{"taxonomy":"post_tag","embeddable":true,"href":"https:\/\/www.egemtv.com\/index.php?rest_route=%2Fwp%2Fv2%2Ftags&post=22694"}],"curies":[{"name":"wp","href":"https:\/\/api.w.org\/{rel}","templated":true}]}}