{"id":22691,"date":"2025-02-27T10:26:27","date_gmt":"2025-02-27T07:26:27","guid":{"rendered":"https:\/\/www.egemtv.com\/?p=22691"},"modified":"2025-02-27T10:26:30","modified_gmt":"2025-02-27T07:26:30","slug":"isciler-istedi-baskan-silindirin-basina-gecti","status":"publish","type":"post","link":"https:\/\/www.egemtv.com\/?p=22691","title":{"rendered":"\u0130\u015f\u00e7iler istedi, ba\u015fkan silindirin ba\u015f\u0131na ge\u00e7ti"},"content":{"rendered":"<p>Yol \u00e7al\u0131\u015fmalar\u0131n\u0131 inceledi\u011fi esnada i\u015f\u00e7ilerin talebini k\u0131rmay\u0131p silindir i\u015f makinesinin ba\u015f\u0131na ge\u00e7en Germencik Belediye Ba\u015fkan\u0131 Burak Zencirci; &#8220;G\u00f6r\u00fcnd\u00fc\u011f\u00fc kadar kolay de\u011filmi\u015f dedi.<\/p>\n<p>Germencik Belediyesi, il\u00e7e genelinde yol yap\u0131m ve d\u00fczenleme \u00e7al\u0131\u015fmalar\u0131na aral\u0131ks\u0131z devam ediyor. Bu \u00e7er\u00e7evede ekiplerin son dura\u011f\u0131 Yedi Eyl\u00fcl Mahallesi oldu. K\u00f6pr\u00fcl\u00fc Mehmet Pa\u015fa Sokak \u00fczerinde yol kaplama \u00e7al\u0131\u015fmalar\u0131 ger\u00e7ekle\u015ftiren ekipleri ziyaret eden Belediye Ba\u015fkan\u0131 Burak Zencirci ise \u00e7al\u0131\u015fmalar hakk\u0131nda yetkililerden bilgi ald\u0131. \u0130\u015f\u00e7ilerle g\u00f6r\u00fc\u015ferek sohbet eden Ba\u015fkan Zencirci, o esnada i\u015f\u00e7ilerin \u2018bakmakla olmaz\u2019 s\u00f6z\u00fc \u00fczerine silindir i\u015f makinesinin ba\u015f\u0131na ge\u00e7ti. Bir s\u00fcre kaplanan yolun s\u0131k\u0131\u015ft\u0131r\u0131lmas\u0131nda kullan\u0131lan silindir i\u015f makinesini kullanan Ba\u015fkan Zencirci, konu ile ilgili sosyal medya \u00fczerinden yapt\u0131\u011f\u0131 payla\u015f\u0131mda &#8220;\u00d6yle bakmayla olmaz dediler. Biz de emek\u00e7i karde\u015flerimize kulak verip bir deneyelim dedik. G\u00f6r\u00fcnd\u00fc\u011f\u00fc kadar kolay de\u011filmi\u015f&#8221; ifadelerine yer verdi.<br \/><\/p>\n","protected":false},"excerpt":{"rendered":"<p>Yol \u00e7al\u0131\u015fmalar\u0131n\u0131 inceledi\u011fi esnada i\u015f\u00e7ilerin talebini k\u0131rmay\u0131p silindir i\u015f makinesinin ba\u015f\u0131na ge\u00e7en Germencik Belediye Ba\u015fkan\u0131 Burak Zencirci; &#8220;G\u00f6r\u00fcnd\u00fc\u011f\u00fc kadar kolay de\u011filmi\u015f dedi. Germencik Belediyesi, il\u00e7e genelinde yol yap\u0131m ve d\u00fczenleme \u00e7al\u0131\u015fmalar\u0131na aral\u0131ks\u0131z devam ediyor. Bu \u00e7er\u00e7evede ekiplerin son dura\u011f\u0131 Yedi Eyl\u00fcl Mahallesi oldu. K\u00f6pr\u00fcl\u00fc Mehmet Pa\u015fa Sokak \u00fczerinde yol kaplama \u00e7al\u0131\u015fmalar\u0131 ger\u00e7ekle\u015ftiren ekipleri ziyaret eden&#8230;<\/p>\n","protected":false},"author":1,"featured_media":22692,"comment_status":"open","ping_status":"open","sticky":false,"template":"","format":"standard","meta":{"_crdt_document":"","footnotes":""},"categories":[1],"tags":[],"class_list":["post-22691","post","type-post","status-publish","format-standard","has-post-thumbnail","hentry","category-guncel"],"_links":{"self":[{"href":"https:\/\/www.egemtv.com\/index.php?rest_route=\/wp\/v2\/posts\/22691","targetHints":{"allow":["GET"]}}],"collection":[{"href":"https:\/\/www.egemtv.com\/index.php?rest_route=\/wp\/v2\/posts"}],"about":[{"href":"https:\/\/www.egemtv.com\/index.php?rest_route=\/wp\/v2\/types\/post"}],"author":[{"embeddable":true,"href":"https:\/\/www.egemtv.com\/index.php?rest_route=\/wp\/v2\/users\/1"}],"replies":[{"embeddable":true,"href":"https:\/\/www.egemtv.com\/index.php?rest_route=%2Fwp%2Fv2%2Fcomments&post=22691"}],"version-history":[{"count":1,"href":"https:\/\/www.egemtv.com\/index.php?rest_route=\/wp\/v2\/posts\/22691\/revisions"}],"predecessor-version":[{"id":22693,"href":"https:\/\/www.egemtv.com\/index.php?rest_route=\/wp\/v2\/posts\/22691\/revisions\/22693"}],"wp:featuredmedia":[{"embeddable":true,"href":"https:\/\/www.egemtv.com\/index.php?rest_route=\/wp\/v2\/media\/22692"}],"wp:attachment":[{"href":"https:\/\/www.egemtv.com\/index.php?rest_route=%2Fwp%2Fv2%2Fmedia&parent=22691"}],"wp:term":[{"taxonomy":"category","embeddable":true,"href":"https:\/\/www.egemtv.com\/index.php?rest_route=%2Fwp%2Fv2%2Fcategories&post=22691"},{"taxonomy":"post_tag","embeddable":true,"href":"https:\/\/www.egemtv.com\/index.php?rest_route=%2Fwp%2Fv2%2Ftags&post=22691"}],"curies":[{"name":"wp","href":"https:\/\/api.w.org\/{rel}","templated":true}]}}