{"id":22685,"date":"2025-02-27T10:26:18","date_gmt":"2025-02-27T07:26:18","guid":{"rendered":"https:\/\/www.egemtv.com\/?p=22685"},"modified":"2025-02-27T10:26:23","modified_gmt":"2025-02-27T07:26:23","slug":"baskan-dogan-baska-yerde-aramaya-gerek-yok-en-ucuzunu-merkezefendi-halk-market-satiyor","status":"publish","type":"post","link":"https:\/\/www.egemtv.com\/?p=22685","title":{"rendered":"Ba\u015fkan Do\u011fan; &#8220;Ba\u015fka yerde aramaya gerek yok, en ucuzunu Merkezefendi Halk Market sat\u0131yor&#8221;"},"content":{"rendered":"<p>Merkezefendi Belediyesi taraf\u0131ndan Halk S\u00fct, Halk Ekmek ve Halk Et\u2019ten sonra Halk Market de hizmete a\u00e7\u0131ld\u0131. Merkezefendi Belediye Ba\u015fkan\u0131 \u015eeniz Do\u011fan, &#8220;Biz her zaman halk\u0131n yan\u0131nda olduk, halk\u0131n saf\u0131nda olduk ve her zaman da b\u00f6yle olacak. Halk Et\u2019te oldu\u011fu gibi Halk Market\u2019te de emeklilerimize %10 indirim uygulayaca\u011f\u0131z. Hay\u0131rl\u0131 ve u\u011furlu olsun&#8221; dedi.<\/p>\n<p>Merkezefendi Belediyesi, 2019 y\u0131l\u0131ndan bu yana Halk S\u00fct, Halk Ekmek ve Halk Et\u2019i hizmete a\u00e7t\u0131. Bu \u00fc\u00e7 projeyi T\u00fcrkiye\u2019de ayn\u0131 anda hizmete sunan Merkezefendi Belediyesi \u015fimdi de Halk Market\u2019i hizmete a\u00e7t\u0131. S\u0131rakap\u0131lar Mahallesi\u2019nde ger\u00e7ekle\u015ftirilen a\u00e7\u0131l\u0131\u015f t\u00f6renine, Denizli B\u00fcy\u00fck\u015fehir Belediye Ba\u015fkan\u0131 B\u00fclent Nuri \u00c7avu\u015fo\u011flu, Cumhuriyet Halk Partisi \u0130l Ba\u015fkan\u0131 Ali Osman Horzum, Bozkurt Belediye Ba\u015fkan\u0131 Birsen \u00c7elik, Honaz Belediye Ba\u015fkan\u0131 Y\u00fcksel Kepenek, Beya\u011fa\u00e7 Belediye Ba\u015fkan\u0131 Sezayi P\u00fct\u00fcn, meclis \u00fcyeleri ile \u00e7ok say\u0131da vatanda\u015f kat\u0131ld\u0131.<br \/>\n<br \/>&#8220;Emeklilere m\u00fcjde, y\u00fczde 10 indirim&#8221;<br \/>\n<br \/>Ge\u00e7im s\u0131k\u0131nt\u0131 ya\u015fayan emeklilerin her zaman yan\u0131nda olduklar\u0131n\u0131 belirten Ba\u015fkan Do\u011fan, &#8220;2019 y\u0131l\u0131ndan bu yana \u00e7al\u0131\u015fma arkada\u015flar\u0131m\u0131zla birlikte sosyal belediyecili\u011fi ilmek ilmek \u00f6rmeye gayret ettik. Biz her zaman halk\u0131n yan\u0131nda olduk, halk\u0131n saf\u0131nda olduk ve her zaman da b\u00f6yle olacak. Biz halk\u0131n g\u00fcc\u00fcyle buralarday\u0131z. Bizlere emanet etti\u011finiz b\u00fct\u00e7eleri, \u015feffaf ve do\u011fru projelere harcamaya \u00e7al\u0131\u015f\u0131yoruz. Verdi\u011fimiz s\u00f6zlerden biri olan Halk Market\u2019in ilk \u015fubesini birlikte a\u00e7\u0131yoruz. 120 kalem \u00fcr\u00fcn\u00fcm\u00fcz bu marketimizde en uygun, en ucuz ve en hesapl\u0131 \u015fekilde sat\u0131\u015fa sunulacak. Bir m\u00fcjdem var. Halk Et\u2019te oldu\u011fu gibi Halk Market\u2019te de emeklilerimize indirim uygulayaca\u011f\u0131z. Bu \u015fekilde hem\u015fehrilerimizin b\u00fct\u00e7esine katk\u0131 sa\u011flam\u0131\u015f olaca\u011f\u0131z&#8221; diye konu\u015ftu.<\/p>\n<p>&#8220;Her hem\u015fehrimiz mutlu olsun istiyoruz&#8221;<br \/>\n<br \/>Merkezefendi\u2019nin her ge\u00e7en g\u00fcn g\u00fczelle\u015fti\u011finin ve geli\u015fti\u011finin alt\u0131n\u0131 \u00e7izen Do\u011fan, &#8220;Her hem\u015fehrimizin mutlu olmas\u0131n\u0131 istiyoruz. Ekonomik anlamda sizlere katk\u0131da bulunmak istiyoruz. Kafan\u0131z\u0131n rahat olmas\u0131n\u0131 istiyoruz. Adaletin, huzurun, karde\u015fli\u011fin, mutlulu\u011fun oldu\u011fu Merkezefendi i\u00e7in gayret ediyoruz. Geli\u015fmi\u015flik endeksinde Merkezefendimiz \u00fcst s\u0131ralarda. S\u00f6z veriyorum, Merkezefendi daha da parmakla g\u00f6sterilen il\u00e7e olacak. Belediyecilik ekip i\u015fidir. Do\u011fru ekibi kurmak \u00f6nemlidir. Ba\u015fkan yard\u0131mc\u0131lar\u0131m\u0131za, birim m\u00fcd\u00fcrlerimize, her birimde \u00e7al\u0131\u015fan \u00e7al\u0131\u015fma arkada\u015flar\u0131m\u0131za \u00e7ok \u00e7ok te\u015fekk\u00fcr ediyorum. Halk Market\u2019imiz hay\u0131rl\u0131 ve u\u011furlu olsun. Sizleri \u00e7ok seviyorum&#8221; dedi.<\/p>\n<p>&#8220;Merkezefendi\u2019miz Denizli\u2019mizin incisi&#8221;<br \/>\n<br \/>Sosyal belediyecilik anlay\u0131\u015f\u0131 ile her zaman vatanda\u015fa hizmet edeceklerini s\u00f6yleyen Ba\u015fkan Do\u011fan, &#8220;Merkezefendi Belediyesi olarak sosyal belediyecilikte \u00f6rnek olduk, olmaya da devam ediyoruz. Merkezefendimiz, Denizlimizin de T\u00fcrkiye\u2019nin incisi, fark\u0131nday\u0131z. \u00c7al\u0131\u015fma arkada\u015flar\u0131m\u0131zla birlikte, omuzlar\u0131m\u0131zdaki sorumlulu\u011fun ve y\u00fck\u00fcn fark\u0131nday\u0131z. \u00dclkenin i\u00e7inde bulundu\u011fu ekonomik durum nedeniyle sosyal belediyecili\u011fi yap\u0131yoruz, d\u00f6n\u00fc\u015flerini de al\u0131yoruz. Katma de\u011feri olan bir il\u00e7eyiz. Yap\u0131sal, vizyon projelerimizi yak\u0131nda, yine hep birlikte il\u00e7emize kazand\u0131raca\u011f\u0131z&#8221; ifadelerini kulland\u0131.<\/p>\n<p>&#8220;Herkesin mutlu oldu\u011fu Denizli hayalimiz var&#8221;<br \/>\n<br \/>Denizli B\u00fcy\u00fck\u015fehir Belediye Ba\u015fkan\u0131 B\u00fclent Nuri \u00c7avu\u015fo\u011flu, &#8220;Biz istiyoruz ki bu \u015fehirde marketlerimizin say\u0131s\u0131 \u00e7o\u011fals\u0131n.  Ad\u0131 Halk Market olsun, Kent Market olsun, yeter ki bir tek bu insanlar uyguna al\u0131\u015fveri\u015f yaps\u0131n. Emeklinin y\u00fcz\u00fcn\u00fcn g\u00fcld\u00fc\u011f\u00fc bir Denizli hayalimiz var. Cebindeki 14 bin 500 lira ile nas\u0131l ge\u00e7inirim kayg\u0131s\u0131 ya\u015fayan insanlar\u0131n elinden tutmak, bizim boynumuzun borcu. Bizim yolculu\u011fumuzun bir tek gerek\u00e7esi var, bu \u015fehirde sosyal, ekonomik olarak zor durumda olan insanlar\u0131n mutlu olmas\u0131d\u0131r. Bu ama\u00e7 do\u011frultusunda da \u00e7al\u0131\u015fmalar\u0131m\u0131z\u0131 hep birlikte s\u00fcrd\u00fcr\u00fcyoruz. \u015eeniz Ba\u015fkan\u0131m\u0131za hizmetlerinden \u00f6t\u00fcr\u00fc te\u015fekk\u00fcr ediyorum&#8221; ifadelerini kulland\u0131.<br \/><\/p>\n","protected":false},"excerpt":{"rendered":"<p>Merkezefendi Belediyesi taraf\u0131ndan Halk S\u00fct, Halk Ekmek ve Halk Et\u2019ten sonra Halk Market de hizmete a\u00e7\u0131ld\u0131. Merkezefendi Belediye Ba\u015fkan\u0131 \u015eeniz Do\u011fan, &#8220;Biz her zaman halk\u0131n yan\u0131nda olduk, halk\u0131n saf\u0131nda olduk ve her zaman da b\u00f6yle olacak. Halk Et\u2019te oldu\u011fu gibi Halk Market\u2019te de emeklilerimize %10 indirim uygulayaca\u011f\u0131z. Hay\u0131rl\u0131 ve u\u011furlu olsun&#8221; dedi. Merkezefendi Belediyesi, 2019&#8230;<\/p>\n","protected":false},"author":1,"featured_media":22686,"comment_status":"open","ping_status":"open","sticky":false,"template":"","format":"standard","meta":{"_crdt_document":"","footnotes":""},"categories":[125],"tags":[],"class_list":["post-22685","post","type-post","status-publish","format-standard","has-post-thumbnail","hentry","category-ekonomi"],"_links":{"self":[{"href":"https:\/\/www.egemtv.com\/index.php?rest_route=\/wp\/v2\/posts\/22685","targetHints":{"allow":["GET"]}}],"collection":[{"href":"https:\/\/www.egemtv.com\/index.php?rest_route=\/wp\/v2\/posts"}],"about":[{"href":"https:\/\/www.egemtv.com\/index.php?rest_route=\/wp\/v2\/types\/post"}],"author":[{"embeddable":true,"href":"https:\/\/www.egemtv.com\/index.php?rest_route=\/wp\/v2\/users\/1"}],"replies":[{"embeddable":true,"href":"https:\/\/www.egemtv.com\/index.php?rest_route=%2Fwp%2Fv2%2Fcomments&post=22685"}],"version-history":[{"count":1,"href":"https:\/\/www.egemtv.com\/index.php?rest_route=\/wp\/v2\/posts\/22685\/revisions"}],"predecessor-version":[{"id":22687,"href":"https:\/\/www.egemtv.com\/index.php?rest_route=\/wp\/v2\/posts\/22685\/revisions\/22687"}],"wp:featuredmedia":[{"embeddable":true,"href":"https:\/\/www.egemtv.com\/index.php?rest_route=\/wp\/v2\/media\/22686"}],"wp:attachment":[{"href":"https:\/\/www.egemtv.com\/index.php?rest_route=%2Fwp%2Fv2%2Fmedia&parent=22685"}],"wp:term":[{"taxonomy":"category","embeddable":true,"href":"https:\/\/www.egemtv.com\/index.php?rest_route=%2Fwp%2Fv2%2Fcategories&post=22685"},{"taxonomy":"post_tag","embeddable":true,"href":"https:\/\/www.egemtv.com\/index.php?rest_route=%2Fwp%2Fv2%2Ftags&post=22685"}],"curies":[{"name":"wp","href":"https:\/\/api.w.org\/{rel}","templated":true}]}}