{"id":22682,"date":"2025-02-27T10:26:14","date_gmt":"2025-02-27T07:26:14","guid":{"rendered":"https:\/\/www.egemtv.com\/?p=22682"},"modified":"2025-02-27T10:26:18","modified_gmt":"2025-02-27T07:26:18","slug":"afyonkarahisarda-kaza-3-yarali","status":"publish","type":"post","link":"https:\/\/www.egemtv.com\/?p=22682","title":{"rendered":"Afyonkarahisar\u2019da kaza 3 yaral\u0131"},"content":{"rendered":"<p>Afyonkarahisar\u2019da meydana gelen trafik kazas\u0131nda 3 ki\u015fi yaraland\u0131.<br \/>\n<br \/>Kaza, Emirda\u011f il\u00e7esine ba\u011fl\u0131 Tez k\u00f6y\u00fc yolunda meydana geldi. Edinilen bilgilere g\u00f6re, s\u00fcr\u00fcc\u00fc O.K., idaresindeki 03 HD 560 plakal\u0131 ara\u00e7 Tez k\u00f6y\u00fc yolunda seyir halinde iken ayn\u0131 y\u00f6ndeki s\u00fcr\u00fcc\u00fcs\u00fc C.K.\u2019nin y\u00f6netimdeki 06 AK 109 plakal\u0131 araca arkadan \u00e7arpt\u0131. Kaza sonras\u0131 \u00e7evredekilerin ihbar\u0131 \u00fczerine b\u00f6lgeye jandarma ve sa\u011fl\u0131k ekipleri sevk edildi. Jandarma b\u00f6lgede trafik g\u00fcvenli\u011fini al\u0131rken sa\u011fl\u0131k ekipleri ise yaralanan her iki ara\u00e7 s\u00fcr\u00fcc\u00fcs\u00fc ile 03 HD 560 plakal\u0131 ara\u00e7ta yolcu olarak bulunan \u015fahs\u0131 Emirda\u011f Devlet Hastanesi\u2019ne sevk etti. Ekiplerin kaza ilgili soru\u015fturmas\u0131 s\u00fcr\u00fcyor.<br \/><\/p>\n","protected":false},"excerpt":{"rendered":"<p>Afyonkarahisar\u2019da meydana gelen trafik kazas\u0131nda 3 ki\u015fi yaraland\u0131. Kaza, Emirda\u011f il\u00e7esine ba\u011fl\u0131 Tez k\u00f6y\u00fc yolunda meydana geldi. Edinilen bilgilere g\u00f6re, s\u00fcr\u00fcc\u00fc O.K., idaresindeki 03 HD 560 plakal\u0131 ara\u00e7 Tez k\u00f6y\u00fc yolunda seyir halinde iken ayn\u0131 y\u00f6ndeki s\u00fcr\u00fcc\u00fcs\u00fc C.K.\u2019nin y\u00f6netimdeki 06 AK 109 plakal\u0131 araca arkadan \u00e7arpt\u0131. Kaza sonras\u0131 \u00e7evredekilerin ihbar\u0131 \u00fczerine b\u00f6lgeye jandarma ve sa\u011fl\u0131k&#8230;<\/p>\n","protected":false},"author":1,"featured_media":22683,"comment_status":"open","ping_status":"open","sticky":false,"template":"","format":"standard","meta":{"_crdt_document":"","footnotes":""},"categories":[5],"tags":[],"class_list":["post-22682","post","type-post","status-publish","format-standard","has-post-thumbnail","hentry","category-asayis"],"_links":{"self":[{"href":"https:\/\/www.egemtv.com\/index.php?rest_route=\/wp\/v2\/posts\/22682","targetHints":{"allow":["GET"]}}],"collection":[{"href":"https:\/\/www.egemtv.com\/index.php?rest_route=\/wp\/v2\/posts"}],"about":[{"href":"https:\/\/www.egemtv.com\/index.php?rest_route=\/wp\/v2\/types\/post"}],"author":[{"embeddable":true,"href":"https:\/\/www.egemtv.com\/index.php?rest_route=\/wp\/v2\/users\/1"}],"replies":[{"embeddable":true,"href":"https:\/\/www.egemtv.com\/index.php?rest_route=%2Fwp%2Fv2%2Fcomments&post=22682"}],"version-history":[{"count":1,"href":"https:\/\/www.egemtv.com\/index.php?rest_route=\/wp\/v2\/posts\/22682\/revisions"}],"predecessor-version":[{"id":22684,"href":"https:\/\/www.egemtv.com\/index.php?rest_route=\/wp\/v2\/posts\/22682\/revisions\/22684"}],"wp:featuredmedia":[{"embeddable":true,"href":"https:\/\/www.egemtv.com\/index.php?rest_route=\/wp\/v2\/media\/22683"}],"wp:attachment":[{"href":"https:\/\/www.egemtv.com\/index.php?rest_route=%2Fwp%2Fv2%2Fmedia&parent=22682"}],"wp:term":[{"taxonomy":"category","embeddable":true,"href":"https:\/\/www.egemtv.com\/index.php?rest_route=%2Fwp%2Fv2%2Fcategories&post=22682"},{"taxonomy":"post_tag","embeddable":true,"href":"https:\/\/www.egemtv.com\/index.php?rest_route=%2Fwp%2Fv2%2Ftags&post=22682"}],"curies":[{"name":"wp","href":"https:\/\/api.w.org\/{rel}","templated":true}]}}