{"id":22679,"date":"2025-02-27T10:06:18","date_gmt":"2025-02-27T07:06:18","guid":{"rendered":"https:\/\/www.egemtv.com\/?p=22679"},"modified":"2025-02-27T10:06:29","modified_gmt":"2025-02-27T07:06:29","slug":"keci-otlatmaya-gitti-bir-daha-donmedi-yasli-kadin-her-yerde-araniyor","status":"publish","type":"post","link":"https:\/\/www.egemtv.com\/?p=22679","title":{"rendered":"Ke\u00e7i otlatmaya gitti, bir daha d\u00f6nmedi: Ya\u015fl\u0131 kad\u0131n her yerde aran\u0131yor"},"content":{"rendered":"<p>Mu\u011fla\u2019n\u0131n Yata\u011fan il\u00e7esine ba\u011fl\u0131 De\u015ftin Mahallesi\u2019nde alzheimer hastas\u0131 75 ya\u015f\u0131ndaki Cemile Katka\u00e7\u2019tan gece saatlerinden bu yana haber al\u0131namazken, jandarma ve AFAD ekipleri ya\u015fl\u0131 kad\u0131n\u0131 bulmak i\u00e7in \u00e7al\u0131\u015fmalar\u0131n\u0131 s\u00fcrd\u00fcr\u00fcyor.<\/p>\n<p>Edinilen bilgilere g\u00f6re Cemile Katka\u00e7 isimli alzheimer hastas\u0131 kad\u0131n d\u00fcn ak\u015fam saatlerinde e\u015fiyle birlikte ke\u00e7i otlatmaya gitti. Ancak s\u00fcr\u00fcdeki bir ke\u00e7inin do\u011fum yapmas\u0131 \u00fczerine e\u015fi, yavru ke\u00e7iyi ah\u0131ra g\u00f6t\u00fcrmek i\u00e7in Katka\u00e7\u2019tan ayr\u0131ld\u0131. E\u015fi d\u00f6nd\u00fc\u011f\u00fcnde, Cemile Katka\u00e7\u2019\u0131n ke\u00e7ileri otlatt\u0131\u011f\u0131 noktada olmad\u0131\u011f\u0131n\u0131 fark etti. Aile bireylerinin yapt\u0131\u011f\u0131 aramalardan sonu\u00e7 al\u0131namay\u0131nca durum 112 Acil \u00c7a\u011fr\u0131 Merkezi\u2019ne bildirildi. \u0130hbar\u0131n ard\u0131ndan b\u00f6lgeye jandarma ve AFAD ekipleri sevk edildi. Ekipler, kay\u0131p kad\u0131na ula\u015fabilmek i\u00e7in gece boyunca arama \u00e7al\u0131\u015fmalar\u0131 y\u00fcr\u00fctt\u00fc. Ancak yap\u0131lan \u00e7al\u0131\u015fmalardan hen\u00fcz sonu\u00e7 al\u0131namad\u0131. B\u00f6lgedeki arama kurtarma ekipleri, sabah saatlerinden itibaren geni\u015f \u00e7apl\u0131 bir operasyon ba\u015flatarak, Cemile Katka\u00e7\u2019\u0131 bulabilmek i\u00e7in \u00e7al\u0131\u015fmalar\u0131na devam ediyor.<br \/><\/p>\n","protected":false},"excerpt":{"rendered":"<p>Mu\u011fla\u2019n\u0131n Yata\u011fan il\u00e7esine ba\u011fl\u0131 De\u015ftin Mahallesi\u2019nde alzheimer hastas\u0131 75 ya\u015f\u0131ndaki Cemile Katka\u00e7\u2019tan gece saatlerinden bu yana haber al\u0131namazken, jandarma ve AFAD ekipleri ya\u015fl\u0131 kad\u0131n\u0131 bulmak i\u00e7in \u00e7al\u0131\u015fmalar\u0131n\u0131 s\u00fcrd\u00fcr\u00fcyor. Edinilen bilgilere g\u00f6re Cemile Katka\u00e7 isimli alzheimer hastas\u0131 kad\u0131n d\u00fcn ak\u015fam saatlerinde e\u015fiyle birlikte ke\u00e7i otlatmaya gitti. Ancak s\u00fcr\u00fcdeki bir ke\u00e7inin do\u011fum yapmas\u0131 \u00fczerine e\u015fi, yavru ke\u00e7iyi&#8230;<\/p>\n","protected":false},"author":1,"featured_media":22680,"comment_status":"open","ping_status":"open","sticky":false,"template":"","format":"standard","meta":{"_crdt_document":"","footnotes":""},"categories":[5],"tags":[],"class_list":["post-22679","post","type-post","status-publish","format-standard","has-post-thumbnail","hentry","category-asayis"],"_links":{"self":[{"href":"https:\/\/www.egemtv.com\/index.php?rest_route=\/wp\/v2\/posts\/22679","targetHints":{"allow":["GET"]}}],"collection":[{"href":"https:\/\/www.egemtv.com\/index.php?rest_route=\/wp\/v2\/posts"}],"about":[{"href":"https:\/\/www.egemtv.com\/index.php?rest_route=\/wp\/v2\/types\/post"}],"author":[{"embeddable":true,"href":"https:\/\/www.egemtv.com\/index.php?rest_route=\/wp\/v2\/users\/1"}],"replies":[{"embeddable":true,"href":"https:\/\/www.egemtv.com\/index.php?rest_route=%2Fwp%2Fv2%2Fcomments&post=22679"}],"version-history":[{"count":1,"href":"https:\/\/www.egemtv.com\/index.php?rest_route=\/wp\/v2\/posts\/22679\/revisions"}],"predecessor-version":[{"id":22681,"href":"https:\/\/www.egemtv.com\/index.php?rest_route=\/wp\/v2\/posts\/22679\/revisions\/22681"}],"wp:featuredmedia":[{"embeddable":true,"href":"https:\/\/www.egemtv.com\/index.php?rest_route=\/wp\/v2\/media\/22680"}],"wp:attachment":[{"href":"https:\/\/www.egemtv.com\/index.php?rest_route=%2Fwp%2Fv2%2Fmedia&parent=22679"}],"wp:term":[{"taxonomy":"category","embeddable":true,"href":"https:\/\/www.egemtv.com\/index.php?rest_route=%2Fwp%2Fv2%2Fcategories&post=22679"},{"taxonomy":"post_tag","embeddable":true,"href":"https:\/\/www.egemtv.com\/index.php?rest_route=%2Fwp%2Fv2%2Ftags&post=22679"}],"curies":[{"name":"wp","href":"https:\/\/api.w.org\/{rel}","templated":true}]}}