{"id":22676,"date":"2025-02-27T10:06:11","date_gmt":"2025-02-27T07:06:11","guid":{"rendered":"https:\/\/www.egemtv.com\/?p=22676"},"modified":"2025-02-27T10:06:18","modified_gmt":"2025-02-27T07:06:18","slug":"nazillide-ogrenci-velileri-bilgilendirdi","status":"publish","type":"post","link":"https:\/\/www.egemtv.com\/?p=22676","title":{"rendered":"Nazilli\u2019de \u00f6\u011frenci velileri bilgilendirdi"},"content":{"rendered":"<p>Ayd\u0131n\u2019\u0131n Nazilli il\u00e7esinde jandarma ve polis ekipleri G\u00fczelk\u00f6y \u00d6zel E\u011fitim ve \u0130\u015f E\u011fitimi Merkezi Konferans Salonu\u2019nda d\u00fczenlenen etkinlik ile \u00f6\u011frenci velisi ve okul personelini uyu\u015fturucu madde kullan\u0131m\u0131nda al\u0131nacak tedbirler konusunda bilgilendirdi.<br \/>\n<br \/>Nazilli \u0130l\u00e7esi G\u00fczelk\u00f6y Mahallesinde bulunan G\u00fczelk\u00f6y \u00d6zel E\u011fitim ve \u0130\u015f E\u011fitimi Merkezi Konferans Salonunda (55) \u00d6\u011frenci velisi ve okul personeline;<br \/>\n<br \/>Nazilli \u0130l\u00e7e Jandarma Komutanl\u0131\u011f\u0131 ve Nazilli Emniyet M\u00fcd\u00fcrl\u00fc\u011f\u00fc personeli taraf\u0131ndan m\u00fc\u015fterek e\u011fitim verildi. En \u0130yi Narkotik Polisi Anne projesi kapsam\u0131nda uyu\u015fturucu madde kullan\u0131m\u0131nda al\u0131nacak tedbirler ve UYUMA isimli program hakk\u0131nda bilgilendirme yapan ekipler kendilerine y\u00f6neltilen sorular\u0131 cevaplayarak bilgilendirici bro\u015f\u00fcr da\u011f\u0131tt\u0131.<br \/><\/p>\n","protected":false},"excerpt":{"rendered":"<p>Ayd\u0131n\u2019\u0131n Nazilli il\u00e7esinde jandarma ve polis ekipleri G\u00fczelk\u00f6y \u00d6zel E\u011fitim ve \u0130\u015f E\u011fitimi Merkezi Konferans Salonu\u2019nda d\u00fczenlenen etkinlik ile \u00f6\u011frenci velisi ve okul personelini uyu\u015fturucu madde kullan\u0131m\u0131nda al\u0131nacak tedbirler konusunda bilgilendirdi. Nazilli \u0130l\u00e7esi G\u00fczelk\u00f6y Mahallesinde bulunan G\u00fczelk\u00f6y \u00d6zel E\u011fitim ve \u0130\u015f E\u011fitimi Merkezi Konferans Salonunda (55) \u00d6\u011frenci velisi ve okul personeline; Nazilli \u0130l\u00e7e Jandarma Komutanl\u0131\u011f\u0131&#8230;<\/p>\n","protected":false},"author":1,"featured_media":22677,"comment_status":"open","ping_status":"open","sticky":false,"template":"","format":"standard","meta":{"_crdt_document":"","footnotes":""},"categories":[1],"tags":[],"class_list":["post-22676","post","type-post","status-publish","format-standard","has-post-thumbnail","hentry","category-guncel"],"_links":{"self":[{"href":"https:\/\/www.egemtv.com\/index.php?rest_route=\/wp\/v2\/posts\/22676","targetHints":{"allow":["GET"]}}],"collection":[{"href":"https:\/\/www.egemtv.com\/index.php?rest_route=\/wp\/v2\/posts"}],"about":[{"href":"https:\/\/www.egemtv.com\/index.php?rest_route=\/wp\/v2\/types\/post"}],"author":[{"embeddable":true,"href":"https:\/\/www.egemtv.com\/index.php?rest_route=\/wp\/v2\/users\/1"}],"replies":[{"embeddable":true,"href":"https:\/\/www.egemtv.com\/index.php?rest_route=%2Fwp%2Fv2%2Fcomments&post=22676"}],"version-history":[{"count":1,"href":"https:\/\/www.egemtv.com\/index.php?rest_route=\/wp\/v2\/posts\/22676\/revisions"}],"predecessor-version":[{"id":22678,"href":"https:\/\/www.egemtv.com\/index.php?rest_route=\/wp\/v2\/posts\/22676\/revisions\/22678"}],"wp:featuredmedia":[{"embeddable":true,"href":"https:\/\/www.egemtv.com\/index.php?rest_route=\/wp\/v2\/media\/22677"}],"wp:attachment":[{"href":"https:\/\/www.egemtv.com\/index.php?rest_route=%2Fwp%2Fv2%2Fmedia&parent=22676"}],"wp:term":[{"taxonomy":"category","embeddable":true,"href":"https:\/\/www.egemtv.com\/index.php?rest_route=%2Fwp%2Fv2%2Fcategories&post=22676"},{"taxonomy":"post_tag","embeddable":true,"href":"https:\/\/www.egemtv.com\/index.php?rest_route=%2Fwp%2Fv2%2Ftags&post=22676"}],"curies":[{"name":"wp","href":"https:\/\/api.w.org\/{rel}","templated":true}]}}