{"id":22673,"date":"2025-02-27T09:46:11","date_gmt":"2025-02-27T06:46:11","guid":{"rendered":"https:\/\/www.egemtv.com\/?p=22673"},"modified":"2025-02-27T09:46:18","modified_gmt":"2025-02-27T06:46:18","slug":"aydinda-jandarmadan-bandrolsuz-sigara-baskini","status":"publish","type":"post","link":"https:\/\/www.egemtv.com\/?p=22673","title":{"rendered":"Ayd\u0131n\u2019da jandarmadan bandrols\u00fcz sigara bask\u0131n\u0131"},"content":{"rendered":"<p>Ayd\u0131n\u2019\u0131n Germencik il\u00e7esinde jandarma ekiplerince yap\u0131lan operasyonda 10 kilo paketlenmi\u015f bandrols\u00fcz t\u00fct\u00fcn ile 40 bin bo\u015f makaran ele ge\u00e7irildi.<\/p>\n<p>Ayd\u0131n \u0130l Jandarma Komutanl\u0131\u011f\u0131 KOM \u015eube M\u00fcd\u00fcrl\u00fc\u011f\u00fc ve Germencik \u0130l\u00e7e Jandarma Komutanl\u0131\u011f\u0131nca sigara ka\u00e7ak\u00e7\u0131l\u0131\u011f\u0131na y\u00f6nelik koordineli \u00e7al\u0131\u015fma ger\u00e7ekle\u015ftirildi. Edinilen bilgiye g\u00f6re ekipler, Germencik il\u00e7esinde G.T. isimli \u015f\u00fcpheli \u015fahs\u0131n ikameti ve i\u015f yerine bask\u0131n d\u00fczenledi. Yap\u0131lan aramalar sonucunda 5 kilo a\u00e7\u0131k k\u0131y\u0131lm\u0131\u015f t\u00fct\u00fcn, 10 kilo paketlenmi\u015f bandrols\u00fcz t\u00fct\u00fcn, 40 bin adet bo\u015f makaron, 5 bin 500 adet dolu makaron, 4 bin 500 adet bo\u015f sigara kutusu, 3 bin adet bo\u015f \u015feffaf sigara paketi, 12 bin adet makaron filtresi, 1 adet elektrikli sigara sarma makinas\u0131 ele ge\u00e7irildi. Yakalanarak g\u00f6zalt\u0131na al\u0131nan \u015f\u00fcpheli \u015fah\u0131s ile ilgili ba\u015flat\u0131lan adli ve idari s\u00fcre\u00e7 devam ediyor.<br \/><\/p>\n","protected":false},"excerpt":{"rendered":"<p>Ayd\u0131n\u2019\u0131n Germencik il\u00e7esinde jandarma ekiplerince yap\u0131lan operasyonda 10 kilo paketlenmi\u015f bandrols\u00fcz t\u00fct\u00fcn ile 40 bin bo\u015f makaran ele ge\u00e7irildi. Ayd\u0131n \u0130l Jandarma Komutanl\u0131\u011f\u0131 KOM \u015eube M\u00fcd\u00fcrl\u00fc\u011f\u00fc ve Germencik \u0130l\u00e7e Jandarma Komutanl\u0131\u011f\u0131nca sigara ka\u00e7ak\u00e7\u0131l\u0131\u011f\u0131na y\u00f6nelik koordineli \u00e7al\u0131\u015fma ger\u00e7ekle\u015ftirildi. Edinilen bilgiye g\u00f6re ekipler, Germencik il\u00e7esinde G.T. isimli \u015f\u00fcpheli \u015fahs\u0131n ikameti ve i\u015f yerine bask\u0131n d\u00fczenledi. Yap\u0131lan aramalar&#8230;<\/p>\n","protected":false},"author":1,"featured_media":22674,"comment_status":"open","ping_status":"open","sticky":false,"template":"","format":"standard","meta":{"_crdt_document":"","footnotes":""},"categories":[5],"tags":[],"class_list":["post-22673","post","type-post","status-publish","format-standard","has-post-thumbnail","hentry","category-asayis"],"_links":{"self":[{"href":"https:\/\/www.egemtv.com\/index.php?rest_route=\/wp\/v2\/posts\/22673","targetHints":{"allow":["GET"]}}],"collection":[{"href":"https:\/\/www.egemtv.com\/index.php?rest_route=\/wp\/v2\/posts"}],"about":[{"href":"https:\/\/www.egemtv.com\/index.php?rest_route=\/wp\/v2\/types\/post"}],"author":[{"embeddable":true,"href":"https:\/\/www.egemtv.com\/index.php?rest_route=\/wp\/v2\/users\/1"}],"replies":[{"embeddable":true,"href":"https:\/\/www.egemtv.com\/index.php?rest_route=%2Fwp%2Fv2%2Fcomments&post=22673"}],"version-history":[{"count":1,"href":"https:\/\/www.egemtv.com\/index.php?rest_route=\/wp\/v2\/posts\/22673\/revisions"}],"predecessor-version":[{"id":22675,"href":"https:\/\/www.egemtv.com\/index.php?rest_route=\/wp\/v2\/posts\/22673\/revisions\/22675"}],"wp:featuredmedia":[{"embeddable":true,"href":"https:\/\/www.egemtv.com\/index.php?rest_route=\/wp\/v2\/media\/22674"}],"wp:attachment":[{"href":"https:\/\/www.egemtv.com\/index.php?rest_route=%2Fwp%2Fv2%2Fmedia&parent=22673"}],"wp:term":[{"taxonomy":"category","embeddable":true,"href":"https:\/\/www.egemtv.com\/index.php?rest_route=%2Fwp%2Fv2%2Fcategories&post=22673"},{"taxonomy":"post_tag","embeddable":true,"href":"https:\/\/www.egemtv.com\/index.php?rest_route=%2Fwp%2Fv2%2Ftags&post=22673"}],"curies":[{"name":"wp","href":"https:\/\/api.w.org\/{rel}","templated":true}]}}