{"id":22670,"date":"2025-02-27T09:27:23","date_gmt":"2025-02-27T06:27:23","guid":{"rendered":"https:\/\/www.egemtv.com\/?p=22670"},"modified":"2025-02-27T09:27:27","modified_gmt":"2025-02-27T06:27:27","slug":"kutahyada-ticari-taksilerde-arac-ici-kamera-donemi","status":"publish","type":"post","link":"https:\/\/www.egemtv.com\/?p=22670","title":{"rendered":"K\u00fctahya\u2019da ticari taksilerde ara\u00e7 i\u00e7i kamera d\u00f6nemi"},"content":{"rendered":"<p>\u0130\u00e7i\u015fleri Bakanl\u0131\u011f\u0131\u2019n\u0131n 29 Kas\u0131m 2024\u2019te yay\u0131mlad\u0131\u011f\u0131 y\u00f6netmelik de\u011fi\u015fikli\u011fi kapsam\u0131nda, t\u00fcm T\u00fcrkiye\u2019de oldu\u011fu gibi K\u00fctahya\u2019daki taksilerde de ara\u00e7 i\u00e7i kamera kullan\u0131m\u0131 ba\u015flad\u0131.<br \/>\n<br \/>T\u00fcm ticari taksilerde kameran\u0131n zorunlu hale geldi\u011fini s\u00f6yleyen taksi s\u00fcr\u00fcc\u00fcs\u00fc Erhan Nalbanto\u011flu, &#8220;Bizim ve m\u00fc\u015fterilerimizin g\u00fcvenli\u011fi a\u00e7\u0131s\u0131ndan \u00e7ok iyi bir uygulama&#8221; diye konu\u015ftu. Kameray\u0131 17 bin TL\u2019ye takt\u0131rd\u0131\u011f\u0131n\u0131 s\u00f6yleyen Nalbanto\u011flu, kameran\u0131n s\u00fcrekli kay\u0131t yapt\u0131\u011f\u0131n\u0131 vurgulad\u0131.<br \/>\n<br \/>Yeni d\u00fczenlemeden \u00e7ok memnun olduklar\u0131n\u0131 belirten taksi s\u00fcr\u00fcc\u00fcs\u00fc G\u00f6khan \u00c7ilingir ise, &#8220;Hem yolcular\u0131m\u0131z\u0131n g\u00fcvenli\u011fi hem de bizim g\u00fcvenli\u011fimiz a\u00e7\u0131s\u0131ndan bu sistemin gelmesi \u00e7ok iyi oldu&#8221; dedi.<br \/><\/p>\n","protected":false},"excerpt":{"rendered":"<p>\u0130\u00e7i\u015fleri Bakanl\u0131\u011f\u0131\u2019n\u0131n 29 Kas\u0131m 2024\u2019te yay\u0131mlad\u0131\u011f\u0131 y\u00f6netmelik de\u011fi\u015fikli\u011fi kapsam\u0131nda, t\u00fcm T\u00fcrkiye\u2019de oldu\u011fu gibi K\u00fctahya\u2019daki taksilerde de ara\u00e7 i\u00e7i kamera kullan\u0131m\u0131 ba\u015flad\u0131. T\u00fcm ticari taksilerde kameran\u0131n zorunlu hale geldi\u011fini s\u00f6yleyen taksi s\u00fcr\u00fcc\u00fcs\u00fc Erhan Nalbanto\u011flu, &#8220;Bizim ve m\u00fc\u015fterilerimizin g\u00fcvenli\u011fi a\u00e7\u0131s\u0131ndan \u00e7ok iyi bir uygulama&#8221; diye konu\u015ftu. Kameray\u0131 17 bin TL\u2019ye takt\u0131rd\u0131\u011f\u0131n\u0131 s\u00f6yleyen Nalbanto\u011flu, kameran\u0131n s\u00fcrekli kay\u0131t yapt\u0131\u011f\u0131n\u0131&#8230;<\/p>\n","protected":false},"author":1,"featured_media":22671,"comment_status":"open","ping_status":"open","sticky":false,"template":"","format":"standard","meta":{"_crdt_document":"","footnotes":""},"categories":[124],"tags":[],"class_list":["post-22670","post","type-post","status-publish","format-standard","has-post-thumbnail","hentry","category-bilim"],"_links":{"self":[{"href":"https:\/\/www.egemtv.com\/index.php?rest_route=\/wp\/v2\/posts\/22670","targetHints":{"allow":["GET"]}}],"collection":[{"href":"https:\/\/www.egemtv.com\/index.php?rest_route=\/wp\/v2\/posts"}],"about":[{"href":"https:\/\/www.egemtv.com\/index.php?rest_route=\/wp\/v2\/types\/post"}],"author":[{"embeddable":true,"href":"https:\/\/www.egemtv.com\/index.php?rest_route=\/wp\/v2\/users\/1"}],"replies":[{"embeddable":true,"href":"https:\/\/www.egemtv.com\/index.php?rest_route=%2Fwp%2Fv2%2Fcomments&post=22670"}],"version-history":[{"count":1,"href":"https:\/\/www.egemtv.com\/index.php?rest_route=\/wp\/v2\/posts\/22670\/revisions"}],"predecessor-version":[{"id":22672,"href":"https:\/\/www.egemtv.com\/index.php?rest_route=\/wp\/v2\/posts\/22670\/revisions\/22672"}],"wp:featuredmedia":[{"embeddable":true,"href":"https:\/\/www.egemtv.com\/index.php?rest_route=\/wp\/v2\/media\/22671"}],"wp:attachment":[{"href":"https:\/\/www.egemtv.com\/index.php?rest_route=%2Fwp%2Fv2%2Fmedia&parent=22670"}],"wp:term":[{"taxonomy":"category","embeddable":true,"href":"https:\/\/www.egemtv.com\/index.php?rest_route=%2Fwp%2Fv2%2Fcategories&post=22670"},{"taxonomy":"post_tag","embeddable":true,"href":"https:\/\/www.egemtv.com\/index.php?rest_route=%2Fwp%2Fv2%2Ftags&post=22670"}],"curies":[{"name":"wp","href":"https:\/\/api.w.org\/{rel}","templated":true}]}}