{"id":22667,"date":"2025-02-27T09:27:16","date_gmt":"2025-02-27T06:27:16","guid":{"rendered":"https:\/\/www.egemtv.com\/?p=22667"},"modified":"2025-02-27T09:27:23","modified_gmt":"2025-02-27T06:27:23","slug":"karacasuda-buyuksehirden-halk-muzigi-konseri","status":"publish","type":"post","link":"https:\/\/www.egemtv.com\/?p=22667","title":{"rendered":"Karacasu\u2019da B\u00fcy\u00fck\u015fehir\u2019den halk m\u00fczi\u011fi konseri"},"content":{"rendered":"<p>Ayd\u0131n\u2019\u0131n Karacasu il\u00e7esinde Ayd\u0131n B\u00fcy\u00fck\u015fehir Belediyesi taraf\u0131ndan d\u00fczenlenen T\u00fcrk Halk M\u00fczi\u011fi konseri yo\u011fun ilgi g\u00f6rd\u00fc.<\/p>\n<p>Karacasu Belediyesi\u2019nden yap\u0131lan a\u00e7\u0131klamada, &#8220;Ayd\u0131n B\u00fcy\u00fck\u015fehir Belediyemizin \u00fccretsiz k\u00fclt\u00fcr etkinlikleri kapsam\u0131nda d\u00fczenlenen T\u00fcrk Halk M\u00fczi\u011fi Korosu konseri, \u015eef \u00d6zcan Y\u0131lmaz y\u00f6netiminde Karacasu K\u00fclt\u00fcr Merkezi\u2019nde m\u00fczikseverlerle bulu\u015ftu. Bu g\u00fczel etkinlik i\u00e7in Ayd\u0131n B\u00fcy\u00fck\u015fehir Belediye Ba\u015fkan\u0131m\u0131z \u00d6zlem \u00c7er\u00e7io\u011flu\u2019na te\u015fekk\u00fcr ederiz&#8221; denildi.<br \/><\/p>\n","protected":false},"excerpt":{"rendered":"<p>Ayd\u0131n\u2019\u0131n Karacasu il\u00e7esinde Ayd\u0131n B\u00fcy\u00fck\u015fehir Belediyesi taraf\u0131ndan d\u00fczenlenen T\u00fcrk Halk M\u00fczi\u011fi konseri yo\u011fun ilgi g\u00f6rd\u00fc. Karacasu Belediyesi\u2019nden yap\u0131lan a\u00e7\u0131klamada, &#8220;Ayd\u0131n B\u00fcy\u00fck\u015fehir Belediyemizin \u00fccretsiz k\u00fclt\u00fcr etkinlikleri kapsam\u0131nda d\u00fczenlenen T\u00fcrk Halk M\u00fczi\u011fi Korosu konseri, \u015eef \u00d6zcan Y\u0131lmaz y\u00f6netiminde Karacasu K\u00fclt\u00fcr Merkezi\u2019nde m\u00fczikseverlerle bulu\u015ftu. Bu g\u00fczel etkinlik i\u00e7in Ayd\u0131n B\u00fcy\u00fck\u015fehir Belediye Ba\u015fkan\u0131m\u0131z \u00d6zlem \u00c7er\u00e7io\u011flu\u2019na te\u015fekk\u00fcr ederiz&#8221; denildi.<\/p>\n","protected":false},"author":1,"featured_media":22668,"comment_status":"open","ping_status":"open","sticky":false,"template":"","format":"standard","meta":{"_crdt_document":"","footnotes":""},"categories":[1],"tags":[],"class_list":["post-22667","post","type-post","status-publish","format-standard","has-post-thumbnail","hentry","category-guncel"],"_links":{"self":[{"href":"https:\/\/www.egemtv.com\/index.php?rest_route=\/wp\/v2\/posts\/22667","targetHints":{"allow":["GET"]}}],"collection":[{"href":"https:\/\/www.egemtv.com\/index.php?rest_route=\/wp\/v2\/posts"}],"about":[{"href":"https:\/\/www.egemtv.com\/index.php?rest_route=\/wp\/v2\/types\/post"}],"author":[{"embeddable":true,"href":"https:\/\/www.egemtv.com\/index.php?rest_route=\/wp\/v2\/users\/1"}],"replies":[{"embeddable":true,"href":"https:\/\/www.egemtv.com\/index.php?rest_route=%2Fwp%2Fv2%2Fcomments&post=22667"}],"version-history":[{"count":1,"href":"https:\/\/www.egemtv.com\/index.php?rest_route=\/wp\/v2\/posts\/22667\/revisions"}],"predecessor-version":[{"id":22669,"href":"https:\/\/www.egemtv.com\/index.php?rest_route=\/wp\/v2\/posts\/22667\/revisions\/22669"}],"wp:featuredmedia":[{"embeddable":true,"href":"https:\/\/www.egemtv.com\/index.php?rest_route=\/wp\/v2\/media\/22668"}],"wp:attachment":[{"href":"https:\/\/www.egemtv.com\/index.php?rest_route=%2Fwp%2Fv2%2Fmedia&parent=22667"}],"wp:term":[{"taxonomy":"category","embeddable":true,"href":"https:\/\/www.egemtv.com\/index.php?rest_route=%2Fwp%2Fv2%2Fcategories&post=22667"},{"taxonomy":"post_tag","embeddable":true,"href":"https:\/\/www.egemtv.com\/index.php?rest_route=%2Fwp%2Fv2%2Ftags&post=22667"}],"curies":[{"name":"wp","href":"https:\/\/api.w.org\/{rel}","templated":true}]}}