{"id":22664,"date":"2025-02-27T08:47:15","date_gmt":"2025-02-27T05:47:15","guid":{"rendered":"https:\/\/www.egemtv.com\/?p=22664"},"modified":"2025-02-27T08:47:18","modified_gmt":"2025-02-27T05:47:18","slug":"soma-hukumet-konagi-icin-ek-odenek-onaylandi","status":"publish","type":"post","link":"https:\/\/www.egemtv.com\/?p=22664","title":{"rendered":"Soma H\u00fck\u00fcmet Kona\u011f\u0131 i\u00e7in ek \u00f6denek onayland\u0131"},"content":{"rendered":"<p>AK Parti Soma \u0130l\u00e7e Ba\u015fkan\u0131 Ali Sezer yapt\u0131\u011f\u0131 a\u00e7\u0131klama ile Soma H\u00fck\u00fcmet Kona\u011f\u0131 i\u00e7in ek \u00f6denek m\u00fcjdesini verdi. Ba\u015fkan Sezer, modern mimari yap\u0131s\u0131 ile dikkat \u00e7eken Soma yeni H\u00fck\u00fcmet Kona\u011f\u0131n\u0131n b\u00fcy\u00fck b\u00f6l\u00fcm\u00fcn\u00fcn tamamland\u0131\u011f\u0131n\u0131 ve \u00f6n\u00fcm\u00fczdeki aylarda teslim edilece\u011fini belirtti.<br \/>\n<br \/>AK Parti Soma \u0130l\u00e7e Ba\u015fkan\u0131 Ali Sezer, &#8220;Manisa Yat\u0131r\u0131m \u0130zleme ve Koordinasyon Ba\u015fkanl\u0131\u011f\u0131 taraf\u0131ndan yapt\u0131r\u0131lan Soma Kaymakaml\u0131\u011f\u0131 2024 y\u0131l\u0131n\u0131n ocak ay\u0131nda kaba in\u015faat s\u00fcrecine girmi\u015fti. \u015eu an itibariyle in\u015faat\u0131n b\u00fcy\u00fck b\u00f6l\u00fcm\u00fc tamamlan\u0131rken, geriye sadece ince i\u015f\u00e7iliklerin kald\u0131\u011f\u0131n\u0131 g\u00f6r\u00fcyoruz. AK Parti \u0130l\u00e7e Y\u00f6netimi, \u0130l Te\u015fkilat\u0131m\u0131zla koordinasyon halinde TBMM Grup Ba\u015fkan vekilimiz, MYK \u00dcyemiz Bahad\u0131r Nahit Yeni\u015fehirlio\u011flu ve Manisa Milletvekillerimizle yapt\u0131\u011f\u0131m\u0131z g\u00f6r\u00fc\u015fmelerin neticesi, il\u00e7emize yat\u0131r\u0131m olarak yans\u0131d\u0131. Soma H\u00fck\u00fcmet Kona\u011f\u0131 i\u00e7in talep edilen ek \u00f6denek onayland\u0131. \u0130n\u015fallah en k\u0131sa s\u00fcrede AK Parti hizmetlerini il\u00e7emizin her yerinde g\u00f6rmeye devam edece\u011fiz. Bu kapsamda TBMM Grup Ba\u015fkan vekilimiz Bahad\u0131r Nahit Yeni\u015fehirlio\u011flu ve Manisa Milletvekillerimize te\u015fekk\u00fcr ediyoruz.&#8221; dedi.<br \/>\n<br \/>AK Parti Soma \u0130l\u00e7e Ba\u015fkan\u0131 Ali Sezer, &#8220;Yeni binan\u0131n en \u00f6nemli \u00f6zelli\u011fi, kaymakaml\u0131k birimleriyle birlikte bir\u00e7ok kamu kurumunun ayn\u0131 \u00e7at\u0131 alt\u0131nda toplanacak olmas\u0131. B\u00f6ylece vatanda\u015flar, kamu hizmetlerine daha h\u0131zl\u0131 ve kolay bir \u015fekilde ula\u015fma imk\u00e2n\u0131 bulacak. Yeni bina, sadece hizmet kalitesini art\u0131rmakla kalmayacak, ayn\u0131 zamanda modern yap\u0131s\u0131yla da g\u00f6z dolduracak. Binada, \u00e7ok ama\u00e7l\u0131 konferans ve toplant\u0131 salonlar\u0131, geni\u015f otopark alan\u0131, t\u00f6ren alan\u0131 ve engelli vatanda\u015flar i\u00e7in \u00f6zel olarak tasarlanm\u0131\u015f engelli asans\u00f6r\u00fc bulunacak. Bu \u00f6zellikler, t\u00fcm ya\u015f ve engel gruplar\u0131ndaki vatanda\u015flar\u0131n kolayca hizmet alabilmesini sa\u011flayacakt\u0131r&#8221; diye konu\u015ftu.<br \/><\/p>\n","protected":false},"excerpt":{"rendered":"<p>AK Parti Soma \u0130l\u00e7e Ba\u015fkan\u0131 Ali Sezer yapt\u0131\u011f\u0131 a\u00e7\u0131klama ile Soma H\u00fck\u00fcmet Kona\u011f\u0131 i\u00e7in ek \u00f6denek m\u00fcjdesini verdi. Ba\u015fkan Sezer, modern mimari yap\u0131s\u0131 ile dikkat \u00e7eken Soma yeni H\u00fck\u00fcmet Kona\u011f\u0131n\u0131n b\u00fcy\u00fck b\u00f6l\u00fcm\u00fcn\u00fcn tamamland\u0131\u011f\u0131n\u0131 ve \u00f6n\u00fcm\u00fczdeki aylarda teslim edilece\u011fini belirtti. AK Parti Soma \u0130l\u00e7e Ba\u015fkan\u0131 Ali Sezer, &#8220;Manisa Yat\u0131r\u0131m \u0130zleme ve Koordinasyon Ba\u015fkanl\u0131\u011f\u0131 taraf\u0131ndan yapt\u0131r\u0131lan Soma&#8230;<\/p>\n","protected":false},"author":1,"featured_media":22665,"comment_status":"open","ping_status":"open","sticky":false,"template":"","format":"standard","meta":{"_crdt_document":"","footnotes":""},"categories":[125],"tags":[],"class_list":["post-22664","post","type-post","status-publish","format-standard","has-post-thumbnail","hentry","category-ekonomi"],"_links":{"self":[{"href":"https:\/\/www.egemtv.com\/index.php?rest_route=\/wp\/v2\/posts\/22664","targetHints":{"allow":["GET"]}}],"collection":[{"href":"https:\/\/www.egemtv.com\/index.php?rest_route=\/wp\/v2\/posts"}],"about":[{"href":"https:\/\/www.egemtv.com\/index.php?rest_route=\/wp\/v2\/types\/post"}],"author":[{"embeddable":true,"href":"https:\/\/www.egemtv.com\/index.php?rest_route=\/wp\/v2\/users\/1"}],"replies":[{"embeddable":true,"href":"https:\/\/www.egemtv.com\/index.php?rest_route=%2Fwp%2Fv2%2Fcomments&post=22664"}],"version-history":[{"count":1,"href":"https:\/\/www.egemtv.com\/index.php?rest_route=\/wp\/v2\/posts\/22664\/revisions"}],"predecessor-version":[{"id":22666,"href":"https:\/\/www.egemtv.com\/index.php?rest_route=\/wp\/v2\/posts\/22664\/revisions\/22666"}],"wp:featuredmedia":[{"embeddable":true,"href":"https:\/\/www.egemtv.com\/index.php?rest_route=\/wp\/v2\/media\/22665"}],"wp:attachment":[{"href":"https:\/\/www.egemtv.com\/index.php?rest_route=%2Fwp%2Fv2%2Fmedia&parent=22664"}],"wp:term":[{"taxonomy":"category","embeddable":true,"href":"https:\/\/www.egemtv.com\/index.php?rest_route=%2Fwp%2Fv2%2Fcategories&post=22664"},{"taxonomy":"post_tag","embeddable":true,"href":"https:\/\/www.egemtv.com\/index.php?rest_route=%2Fwp%2Fv2%2Ftags&post=22664"}],"curies":[{"name":"wp","href":"https:\/\/api.w.org\/{rel}","templated":true}]}}