{"id":22661,"date":"2025-02-27T08:47:09","date_gmt":"2025-02-27T05:47:09","guid":{"rendered":"https:\/\/www.egemtv.com\/?p=22661"},"modified":"2025-02-27T08:47:14","modified_gmt":"2025-02-27T05:47:14","slug":"sarigol-sehit-esin-akay-ilkokulu-zeka-oyunlarina-damga-vurdu","status":"publish","type":"post","link":"https:\/\/www.egemtv.com\/?p=22661","title":{"rendered":"Sar\u0131g\u00f6l \u015eehit Esin Akay \u0130lkokulu zeka oyunlar\u0131na damga vurdu"},"content":{"rendered":"<p>Manisa\u2019n\u0131n Sar\u0131g\u00f6l il\u00e7esinde ilkokullar aras\u0131 yap\u0131lan zeka oyunlar\u0131nda \u015eehit Esin Akay ilkokulu \u00f6\u011frencileri 5 yar\u0131\u015fman\u0131n 4\u2019\u00fcnde il\u00e7e birincisi oldu.<br \/>\n<br \/>Sar\u0131g\u00f6l Atat\u00fcrk Ortaokulu\u2019nda yap\u0131lan zeka oyunlar\u0131 yar\u0131\u015fmas\u0131na il\u00e7edlki 18 ilkokulun birincisi olan \u00f6\u011frenciler kat\u0131ld\u0131. 5 yar\u0131\u015fman\u0131n 4\u2019\u00fcn\u00fc \u015eehit Esin Akay \u0130lkokulu \u00f6\u011frencileri kazan\u0131rken, bir oyunda da D\u00f6rt Eyl\u00fcl \u0130lkokulu \u00f6\u011frencisi birincilik elde etti.<br \/>\n<br \/>Abluka Oyununda D\u00f6rt Eyl\u00fcl \u0130lkokulundan Mustafa \u00d6zkan, Motif Oyununda \u015eehit Esin Akay \u0130lkokulundan Zehra Bet\u00fcl Erbay, Pentago Oyununda \u015eehit Esin Akay \u0130lkokulundan Fatih \u0130nce, Equilibrio Oyununda \u015eehit Esin Akay \u0130lkokulundan Mine Y\u0131ld\u0131z, K\u00fcre Oyununda \u015eehit Esin Akay \u0130lkokulundan Mehmet Ayaz \u00c7obaner birinci oldu. Yar\u0131\u015fmada dereceye giren \u00f6\u011frencilere t\u00f6renle madalyalar\u0131 verildi.<br \/>\n<br \/>Madalya t\u00f6reninde bir konu\u015fma yapan Sar\u0131g\u00f6l \u0130l\u00e7e Milli E\u011fitim M\u00fcd\u00fcr\u00fc Cezmi Y\u0131ld\u0131rak, &#8220;\u0130lkokullar aras\u0131 zeka oyunlar\u0131 il\u00e7e birincisi i\u00e7in 18 ilkokul yar\u0131\u015ft\u0131. Be\u015f zeka oyunu yar\u0131\u015fmas\u0131nda dereceye giren \u00f6\u011frencilerimiz Manisa ilinde yap\u0131lacak olan zeka oyunlar\u0131 yar\u0131\u015fmas\u0131nda il\u00e7emizi temsil edecekler \u00f6\u011frencilerimizi kutlar\u0131m.&#8221; dedi.<br \/>\n<br \/>Sar\u0131g\u00f6l \u015eehit Esin Akay \u0130lkokulu M\u00fcd\u00fcr\u00fc Mehmet Alt\u0131nta\u015f da \u00f6\u011frencilerini ve eme\u011fi ge\u00e7en \u00f6\u011fretmen ve velileri tebrik ederek te\u015fekk\u00fcr etti.<br \/>\n<br \/>Okullar\u0131na d\u00f6rt madalya ile d\u00f6nen \u00f6\u011frenciler ise arkada\u015flar\u0131 taraf\u0131nda sevin\u00e7le kar\u015f\u0131land\u0131.<br \/><\/p>\n","protected":false},"excerpt":{"rendered":"<p>Manisa\u2019n\u0131n Sar\u0131g\u00f6l il\u00e7esinde ilkokullar aras\u0131 yap\u0131lan zeka oyunlar\u0131nda \u015eehit Esin Akay ilkokulu \u00f6\u011frencileri 5 yar\u0131\u015fman\u0131n 4\u2019\u00fcnde il\u00e7e birincisi oldu. Sar\u0131g\u00f6l Atat\u00fcrk Ortaokulu\u2019nda yap\u0131lan zeka oyunlar\u0131 yar\u0131\u015fmas\u0131na il\u00e7edlki 18 ilkokulun birincisi olan \u00f6\u011frenciler kat\u0131ld\u0131. 5 yar\u0131\u015fman\u0131n 4\u2019\u00fcn\u00fc \u015eehit Esin Akay \u0130lkokulu \u00f6\u011frencileri kazan\u0131rken, bir oyunda da D\u00f6rt Eyl\u00fcl \u0130lkokulu \u00f6\u011frencisi birincilik elde etti. Abluka Oyununda D\u00f6rt&#8230;<\/p>\n","protected":false},"author":1,"featured_media":22662,"comment_status":"open","ping_status":"open","sticky":false,"template":"","format":"standard","meta":{"_crdt_document":"","footnotes":""},"categories":[1],"tags":[],"class_list":["post-22661","post","type-post","status-publish","format-standard","has-post-thumbnail","hentry","category-guncel"],"_links":{"self":[{"href":"https:\/\/www.egemtv.com\/index.php?rest_route=\/wp\/v2\/posts\/22661","targetHints":{"allow":["GET"]}}],"collection":[{"href":"https:\/\/www.egemtv.com\/index.php?rest_route=\/wp\/v2\/posts"}],"about":[{"href":"https:\/\/www.egemtv.com\/index.php?rest_route=\/wp\/v2\/types\/post"}],"author":[{"embeddable":true,"href":"https:\/\/www.egemtv.com\/index.php?rest_route=\/wp\/v2\/users\/1"}],"replies":[{"embeddable":true,"href":"https:\/\/www.egemtv.com\/index.php?rest_route=%2Fwp%2Fv2%2Fcomments&post=22661"}],"version-history":[{"count":1,"href":"https:\/\/www.egemtv.com\/index.php?rest_route=\/wp\/v2\/posts\/22661\/revisions"}],"predecessor-version":[{"id":22663,"href":"https:\/\/www.egemtv.com\/index.php?rest_route=\/wp\/v2\/posts\/22661\/revisions\/22663"}],"wp:featuredmedia":[{"embeddable":true,"href":"https:\/\/www.egemtv.com\/index.php?rest_route=\/wp\/v2\/media\/22662"}],"wp:attachment":[{"href":"https:\/\/www.egemtv.com\/index.php?rest_route=%2Fwp%2Fv2%2Fmedia&parent=22661"}],"wp:term":[{"taxonomy":"category","embeddable":true,"href":"https:\/\/www.egemtv.com\/index.php?rest_route=%2Fwp%2Fv2%2Fcategories&post=22661"},{"taxonomy":"post_tag","embeddable":true,"href":"https:\/\/www.egemtv.com\/index.php?rest_route=%2Fwp%2Fv2%2Ftags&post=22661"}],"curies":[{"name":"wp","href":"https:\/\/api.w.org\/{rel}","templated":true}]}}