{"id":22658,"date":"2025-02-27T07:06:10","date_gmt":"2025-02-27T04:06:10","guid":{"rendered":"https:\/\/www.egemtv.com\/?p=22658"},"modified":"2025-02-27T07:06:37","modified_gmt":"2025-02-27T04:06:37","slug":"mugla-112-acil-cagri-merkezine-10-yilda-11-milyon-900-bin-cagri","status":"publish","type":"post","link":"https:\/\/www.egemtv.com\/?p=22658","title":{"rendered":"Mu\u011fla 112 Acil \u00c7a\u011fr\u0131 Merkezine 10 y\u0131lda 11 milyon 900 bin \u00e7a\u011fr\u0131"},"content":{"rendered":"<p>Mu\u011fla\u2019da 10 y\u0131l \u00f6nce hizmete giren ve 155 Polis, 156 Jandarma, 158 Sahil G\u00fcvenlik, 110 \u0130tfaiye, 112 S\u0131hhi \u0130mdat, 177 Orman Yang\u0131n \u0130hbar ve 122 AFAD acil \u00e7a\u011fr\u0131 numaralar\u0131n\u0131n 112 Acil \u00c7a\u011fr\u0131 Merkezi \u00e7at\u0131s\u0131 alt\u0131nda toplanmas\u0131n\u0131n ard\u0131ndan ge\u00e7en 10 y\u0131lda 11 milyon 900 bin \u00e7a\u011fr\u0131ya cevap verildi.<br \/>\n<br \/>Acil \u00c7a\u011fr\u0131 Hizmetleri Koordinasyon Komisyonu, Y\u0130KOB Ba\u015fkan\u0131 Vali Yard\u0131mc\u0131s\u0131 Say\u0131n \u0130smail Soykan Ba\u015fkanl\u0131\u011f\u0131nda 2024 y\u0131l\u0131 istatistiklerini de\u011ferlendirirken, 2025 y\u0131l\u0131nda yap\u0131lacak \u00e7al\u0131\u015fmalar ilgili kurumlar aras\u0131 i\u015fbirli\u011fi ve koordinasyonun geli\u015ftirerek s\u00fcrd\u00fcr\u00fclmesi konular\u0131n\u0131n g\u00f6r\u00fc\u015f\u00fclmesi i\u00e7in 112 Acil \u00c7a\u011fr\u0131 Merkezi M\u00fcd\u00fcrl\u00fc\u011f\u00fcnde toplan\u0131ld\u0131.<br \/>\n<br \/>En yo\u011fun \u00e7a\u011fr\u0131 Temmuz ay\u0131nda<br \/>\n<br \/>Toplant\u0131da yap\u0131lan de\u011ferlendirmede, Mu\u011fla 112 Acil \u00c7a\u011fr\u0131 Merkezinin 2015 y\u0131l\u0131ndan bug\u00fcne kadar 11 milyon 900 bin 230 \u00e7a\u011fr\u0131 kar\u015f\u0131lad\u0131\u011f\u0131, 2024 y\u0131l\u0131nda en yo\u011fun ay\u0131n Temmuz ay\u0131, en d\u00fc\u015f\u00fck \u00e7a\u011fr\u0131n\u0131n da \u015eubat ay\u0131nda ger\u00e7ekle\u015fti\u011fi a\u00e7\u0131kland\u0131. Yakla\u015f\u0131k 750 bin \u00e7a\u011fr\u0131n\u0131n kurumlara aktar\u0131ld\u0131\u011f\u0131, bu \u00e7a\u011fr\u0131lar\u0131n kurumsal olarak, Acil Sa\u011fl\u0131k y\u00fczde 44, Emniyet y\u00fczde 36, Jandarma y\u00fczde 12, \u0130tfaiye y\u00fczde 3, Orman y\u00fczde 2, Sahil G\u00fcvenlik y\u00fczde 2, AFAD ve Do\u011fa Koruma y\u00fczde 1 oran\u0131nda da\u011f\u0131l\u0131m g\u00f6sterdi\u011fi g\u00f6r\u00fclmektedir.<br \/>\n<br \/>\u00c7a\u011fr\u0131lar\u0131n y\u00fczde 78\u2019 112 hatt\u0131ndan<br \/>\n<br \/>Mu\u011fla 112 Acil \u00c7a\u011fr\u0131 Merkezi \u00c7a\u011fr\u0131 Kar\u015f\u0131lama Personelinin 1,96 saniyede reaksiyon g\u00f6sterdi\u011fi T\u00fcrkiye ortalamas\u0131n\u0131n 2,84 saniye oldu\u011fu, kurumlar\u0131n \u00e7a\u011fr\u0131 y\u00f6nlendiricilerin reaksiyon s\u00fcrelerinin ise 3,74 oldu\u011fu T\u00fcrkiye ortalamas\u0131n\u0131n 7,09 saniye oldu\u011fu g\u00f6r\u00fclm\u00fc\u015ft\u00fcr. 112 Acil \u00c7a\u011fr\u0131 Merkezi santraline gelen \u00e7a\u011fr\u0131lar\u0131n y\u00fczde 78\u2019inin 112 numaras\u0131 \u00fczerinden, y\u00fczde 13\u2019\u00fcn\u00fcn 155 numaras\u0131 \u00fczerinden, y\u00fczde 2\u2019sinin 156 numaras\u0131 \u00fczerinden ve y\u00fczde 7\u2019sinin 110, 177, 158 ve 122 numaralar\u0131 \u00fczerinden yap\u0131ld\u0131\u011f\u0131, bu istatisti\u011fe g\u00f6re ilimizde 112 Tek numara bilinirli\u011finin y\u00fczde 80\u2019e.<br \/>\n<br \/>45 ki\u015fi hakk\u0131nda su\u00e7 duyurusunda bulunuldu<br \/>\n<br \/>Tan\u0131t\u0131m \u00e7al\u0131\u015fmalar\u0131 kapsam\u0131nda 1 milyon 174 bin 326 SMS g\u00f6nderildi\u011fi, 4 bin 086 \u00f6\u011fretmene 56 bin 715 \u00f6\u011frenciye ve y\u0131l s\u00fcresince yerle\u015fik ve turist (yerli-yabanc\u0131) 2 milyon 380 bin 828 vatanda\u015fa tan\u0131t\u0131m yap\u0131ld\u0131. Su\u00e7 te\u015fkil eden eylemlerden dolay\u0131 45 ki\u015fi hakk\u0131nda su\u00e7 duyurusunda bulunuldu. Ayr\u0131ca 68 ki\u015fiye de idari para cezas\u0131 verildi.<br \/><\/p>\n","protected":false},"excerpt":{"rendered":"<p>Mu\u011fla\u2019da 10 y\u0131l \u00f6nce hizmete giren ve 155 Polis, 156 Jandarma, 158 Sahil G\u00fcvenlik, 110 \u0130tfaiye, 112 S\u0131hhi \u0130mdat, 177 Orman Yang\u0131n \u0130hbar ve 122 AFAD acil \u00e7a\u011fr\u0131 numaralar\u0131n\u0131n 112 Acil \u00c7a\u011fr\u0131 Merkezi \u00e7at\u0131s\u0131 alt\u0131nda toplanmas\u0131n\u0131n ard\u0131ndan ge\u00e7en 10 y\u0131lda 11 milyon 900 bin \u00e7a\u011fr\u0131ya cevap verildi. Acil \u00c7a\u011fr\u0131 Hizmetleri Koordinasyon Komisyonu, Y\u0130KOB Ba\u015fkan\u0131 Vali&#8230;<\/p>\n","protected":false},"author":1,"featured_media":22659,"comment_status":"open","ping_status":"open","sticky":false,"template":"","format":"standard","meta":{"_crdt_document":"","footnotes":""},"categories":[5],"tags":[],"class_list":["post-22658","post","type-post","status-publish","format-standard","has-post-thumbnail","hentry","category-asayis"],"_links":{"self":[{"href":"https:\/\/www.egemtv.com\/index.php?rest_route=\/wp\/v2\/posts\/22658","targetHints":{"allow":["GET"]}}],"collection":[{"href":"https:\/\/www.egemtv.com\/index.php?rest_route=\/wp\/v2\/posts"}],"about":[{"href":"https:\/\/www.egemtv.com\/index.php?rest_route=\/wp\/v2\/types\/post"}],"author":[{"embeddable":true,"href":"https:\/\/www.egemtv.com\/index.php?rest_route=\/wp\/v2\/users\/1"}],"replies":[{"embeddable":true,"href":"https:\/\/www.egemtv.com\/index.php?rest_route=%2Fwp%2Fv2%2Fcomments&post=22658"}],"version-history":[{"count":1,"href":"https:\/\/www.egemtv.com\/index.php?rest_route=\/wp\/v2\/posts\/22658\/revisions"}],"predecessor-version":[{"id":22660,"href":"https:\/\/www.egemtv.com\/index.php?rest_route=\/wp\/v2\/posts\/22658\/revisions\/22660"}],"wp:featuredmedia":[{"embeddable":true,"href":"https:\/\/www.egemtv.com\/index.php?rest_route=\/wp\/v2\/media\/22659"}],"wp:attachment":[{"href":"https:\/\/www.egemtv.com\/index.php?rest_route=%2Fwp%2Fv2%2Fmedia&parent=22658"}],"wp:term":[{"taxonomy":"category","embeddable":true,"href":"https:\/\/www.egemtv.com\/index.php?rest_route=%2Fwp%2Fv2%2Fcategories&post=22658"},{"taxonomy":"post_tag","embeddable":true,"href":"https:\/\/www.egemtv.com\/index.php?rest_route=%2Fwp%2Fv2%2Ftags&post=22658"}],"curies":[{"name":"wp","href":"https:\/\/api.w.org\/{rel}","templated":true}]}}