{"id":22655,"date":"2025-02-27T00:29:03","date_gmt":"2025-02-26T21:29:03","guid":{"rendered":"https:\/\/www.egemtv.com\/?p=22655"},"modified":"2025-02-27T00:29:10","modified_gmt":"2025-02-26T21:29:10","slug":"is-kadini-unlu-golf-oyuncusu-beyhan-benardete-evinde-olu-bulundu","status":"publish","type":"post","link":"https:\/\/www.egemtv.com\/?p=22655","title":{"rendered":"\u0130\u015f kad\u0131n\u0131, \u00fcnl\u00fc golf oyuncusu Beyhan Benardete evinde \u00f6l\u00fc bulundu"},"content":{"rendered":"<p>Mu\u011fla\u2019n\u0131n Bodrum il\u00e7esinde ya\u015fayan i\u015f kad\u0131n\u0131 ve \u00fcnl\u00fc golf oyuncusu Beyhan Benardete, evinde \u00f6l\u00fc bulundu.<br \/>\n<br \/>\u00c7aml\u0131k Mahallesi\u2019ndeki bir sitede ya\u015fayan 60 ya\u015f\u0131ndaki Benardete\u2019ye ula\u015famay\u0131nca, yetkililer durumu jandarmaya bildirerek tesisin sa\u011fl\u0131k ekibiyle birlikte eve girdi. Evde hareketsiz halde bulunan Benardete\u2019nin hayat\u0131n\u0131 kaybetti\u011fi belirlendi.<br \/>\n<br \/>Olay yerine gelen Bodrum Cumhuriyet Savc\u0131s\u0131 incelemelerde bulundu. Yap\u0131lan ilk incelemede, Benardete\u2019nin v\u00fccudunda herhangi bir darp izine rastlanmad\u0131\u011f\u0131 \u00f6\u011frenildi. Benardete\u2019nin cenazesi \u00f6n otopsi i\u015flemlerinin ard\u0131ndan Mu\u011fla Adli T\u0131p Kurumu\u2019na sevk edildi.<br \/>\n<br \/>\u0130\u015f d\u00fcnyas\u0131n\u0131n ve golf camias\u0131n\u0131n \u00f6nemli isimlerinden olan Beyhan Benardete\u2019nin ani \u00f6l\u00fcm\u00fc, yak\u0131nlar\u0131n\u0131 ve sevenlerini yasa bo\u011fdu.<br \/><\/p>\n","protected":false},"excerpt":{"rendered":"<p>Mu\u011fla\u2019n\u0131n Bodrum il\u00e7esinde ya\u015fayan i\u015f kad\u0131n\u0131 ve \u00fcnl\u00fc golf oyuncusu Beyhan Benardete, evinde \u00f6l\u00fc bulundu. \u00c7aml\u0131k Mahallesi\u2019ndeki bir sitede ya\u015fayan 60 ya\u015f\u0131ndaki Benardete\u2019ye ula\u015famay\u0131nca, yetkililer durumu jandarmaya bildirerek tesisin sa\u011fl\u0131k ekibiyle birlikte eve girdi. Evde hareketsiz halde bulunan Benardete\u2019nin hayat\u0131n\u0131 kaybetti\u011fi belirlendi. Olay yerine gelen Bodrum Cumhuriyet Savc\u0131s\u0131 incelemelerde bulundu. Yap\u0131lan ilk incelemede, Benardete\u2019nin v\u00fccudunda&#8230;<\/p>\n","protected":false},"author":1,"featured_media":22656,"comment_status":"open","ping_status":"open","sticky":false,"template":"","format":"standard","meta":{"_crdt_document":"","footnotes":""},"categories":[5],"tags":[],"class_list":["post-22655","post","type-post","status-publish","format-standard","has-post-thumbnail","hentry","category-asayis"],"_links":{"self":[{"href":"https:\/\/www.egemtv.com\/index.php?rest_route=\/wp\/v2\/posts\/22655","targetHints":{"allow":["GET"]}}],"collection":[{"href":"https:\/\/www.egemtv.com\/index.php?rest_route=\/wp\/v2\/posts"}],"about":[{"href":"https:\/\/www.egemtv.com\/index.php?rest_route=\/wp\/v2\/types\/post"}],"author":[{"embeddable":true,"href":"https:\/\/www.egemtv.com\/index.php?rest_route=\/wp\/v2\/users\/1"}],"replies":[{"embeddable":true,"href":"https:\/\/www.egemtv.com\/index.php?rest_route=%2Fwp%2Fv2%2Fcomments&post=22655"}],"version-history":[{"count":1,"href":"https:\/\/www.egemtv.com\/index.php?rest_route=\/wp\/v2\/posts\/22655\/revisions"}],"predecessor-version":[{"id":22657,"href":"https:\/\/www.egemtv.com\/index.php?rest_route=\/wp\/v2\/posts\/22655\/revisions\/22657"}],"wp:featuredmedia":[{"embeddable":true,"href":"https:\/\/www.egemtv.com\/index.php?rest_route=\/wp\/v2\/media\/22656"}],"wp:attachment":[{"href":"https:\/\/www.egemtv.com\/index.php?rest_route=%2Fwp%2Fv2%2Fmedia&parent=22655"}],"wp:term":[{"taxonomy":"category","embeddable":true,"href":"https:\/\/www.egemtv.com\/index.php?rest_route=%2Fwp%2Fv2%2Fcategories&post=22655"},{"taxonomy":"post_tag","embeddable":true,"href":"https:\/\/www.egemtv.com\/index.php?rest_route=%2Fwp%2Fv2%2Ftags&post=22655"}],"curies":[{"name":"wp","href":"https:\/\/api.w.org\/{rel}","templated":true}]}}