{"id":22649,"date":"2025-02-26T21:27:35","date_gmt":"2025-02-26T18:27:35","guid":{"rendered":"https:\/\/www.egemtv.com\/?p=22649"},"modified":"2025-02-26T21:27:39","modified_gmt":"2025-02-26T18:27:39","slug":"kutahyada-meydan-asevi-20-yilini-kutluyor","status":"publish","type":"post","link":"https:\/\/www.egemtv.com\/?p=22649","title":{"rendered":"K\u00fctahya\u2019da Meydan A\u015fevi 20. y\u0131l\u0131n\u0131 kutluyor"},"content":{"rendered":"<p>K\u00fctahya\u2019da ihtiya\u00e7 sahiplerine s\u0131cak yemek ula\u015ft\u0131ran Meydan A\u015fevi, 20. y\u0131l\u0131n\u0131 kutluyor.<br \/>\n<br \/>Meydan A\u015fevi Derne\u011fi, ihtiya\u00e7 sahibi ailelere s\u0131cak yemek, erzak, k\u0131yafet ve yakacak deste\u011fi sa\u011flaman\u0131n yan\u0131 s\u0131ra, \u00f6\u011frencilere burs ve yemek yard\u0131mlar\u0131yla da e\u011fitim alan\u0131nda \u00f6nemli bir rol \u00fcstleniyor. Dernek, 6 \u015eubat 2023\u2019teki Kahramanmara\u015f merkezli depremde de Osmaniye\u2019de 15 g\u00fcn boyunca s\u0131cak yemek da\u011f\u0131t\u0131m\u0131 ger\u00e7ekle\u015ftirerek afetzedelerin yan\u0131nda yer ald\u0131.<br \/>\n<br \/>Dernek Ba\u015fkan\u0131 Faruk Y\u0131ld\u0131r\u0131m ve A\u015fevi M\u00fcd\u00fcr\u00fc Arif \u00c7etin\u2019in yapt\u0131\u011f\u0131 a\u00e7\u0131klamada, a\u015fevinin ge\u00e7mi\u015fi, y\u00fcr\u00fctt\u00fc\u011f\u00fc sosyal yard\u0131mlar ve gelece\u011fe y\u00f6nelik projeleri ele al\u0131nd\u0131. Dernek Ba\u015fkan\u0131 Faruk Y\u0131ld\u0131r\u0131m, a\u015fevinin daha geni\u015f bir hizmet alan\u0131na kavu\u015fmas\u0131 i\u00e7in yeni bir bina in\u015fa etmeyi hedeflediklerini belirtti. Y\u0131ld\u0131r\u0131m, &#8220;Daha fazla insana ula\u015fabilmek ve hizmetlerimizi s\u00fcrd\u00fcr\u00fclebilir k\u0131lmak i\u00e7in yeni bir yemekhane ve misafirhaneye ihtiyac\u0131m\u0131z var. Bu hay\u0131rl\u0131 i\u015fe katk\u0131 sa\u011flamak isteyen t\u00fcm hay\u0131rseverlerimizi deste\u011fe davet ediyoruz&#8221; dedi.<br \/><\/p>\n","protected":false},"excerpt":{"rendered":"<p>K\u00fctahya\u2019da ihtiya\u00e7 sahiplerine s\u0131cak yemek ula\u015ft\u0131ran Meydan A\u015fevi, 20. y\u0131l\u0131n\u0131 kutluyor. Meydan A\u015fevi Derne\u011fi, ihtiya\u00e7 sahibi ailelere s\u0131cak yemek, erzak, k\u0131yafet ve yakacak deste\u011fi sa\u011flaman\u0131n yan\u0131 s\u0131ra, \u00f6\u011frencilere burs ve yemek yard\u0131mlar\u0131yla da e\u011fitim alan\u0131nda \u00f6nemli bir rol \u00fcstleniyor. Dernek, 6 \u015eubat 2023\u2019teki Kahramanmara\u015f merkezli depremde de Osmaniye\u2019de 15 g\u00fcn boyunca s\u0131cak yemek da\u011f\u0131t\u0131m\u0131 ger\u00e7ekle\u015ftirerek&#8230;<\/p>\n","protected":false},"author":1,"featured_media":22650,"comment_status":"open","ping_status":"open","sticky":false,"template":"","format":"standard","meta":{"_crdt_document":"","footnotes":""},"categories":[123],"tags":[],"class_list":["post-22649","post","type-post","status-publish","format-standard","has-post-thumbnail","hentry","category-gundem"],"_links":{"self":[{"href":"https:\/\/www.egemtv.com\/index.php?rest_route=\/wp\/v2\/posts\/22649","targetHints":{"allow":["GET"]}}],"collection":[{"href":"https:\/\/www.egemtv.com\/index.php?rest_route=\/wp\/v2\/posts"}],"about":[{"href":"https:\/\/www.egemtv.com\/index.php?rest_route=\/wp\/v2\/types\/post"}],"author":[{"embeddable":true,"href":"https:\/\/www.egemtv.com\/index.php?rest_route=\/wp\/v2\/users\/1"}],"replies":[{"embeddable":true,"href":"https:\/\/www.egemtv.com\/index.php?rest_route=%2Fwp%2Fv2%2Fcomments&post=22649"}],"version-history":[{"count":1,"href":"https:\/\/www.egemtv.com\/index.php?rest_route=\/wp\/v2\/posts\/22649\/revisions"}],"predecessor-version":[{"id":22651,"href":"https:\/\/www.egemtv.com\/index.php?rest_route=\/wp\/v2\/posts\/22649\/revisions\/22651"}],"wp:featuredmedia":[{"embeddable":true,"href":"https:\/\/www.egemtv.com\/index.php?rest_route=\/wp\/v2\/media\/22650"}],"wp:attachment":[{"href":"https:\/\/www.egemtv.com\/index.php?rest_route=%2Fwp%2Fv2%2Fmedia&parent=22649"}],"wp:term":[{"taxonomy":"category","embeddable":true,"href":"https:\/\/www.egemtv.com\/index.php?rest_route=%2Fwp%2Fv2%2Fcategories&post=22649"},{"taxonomy":"post_tag","embeddable":true,"href":"https:\/\/www.egemtv.com\/index.php?rest_route=%2Fwp%2Fv2%2Ftags&post=22649"}],"curies":[{"name":"wp","href":"https:\/\/api.w.org\/{rel}","templated":true}]}}