{"id":22646,"date":"2025-02-26T21:27:32","date_gmt":"2025-02-26T18:27:32","guid":{"rendered":"https:\/\/www.egemtv.com\/?p=22646"},"modified":"2025-02-26T21:27:35","modified_gmt":"2025-02-26T18:27:35","slug":"sokede-tup-patladi-evde-hasar-olustu","status":"publish","type":"post","link":"https:\/\/www.egemtv.com\/?p=22646","title":{"rendered":"S\u00f6ke\u2019de t\u00fcp patlad\u0131, evde hasar olu\u015ftu"},"content":{"rendered":"<p>Ayd\u0131n\u2019\u0131n S\u00f6ke il\u00e7esinde bir evde t\u00fcp patlamas\u0131 sonucu maddi hasar olu\u015ftu.<\/p>\n<p>Kemalpa\u015fa Mahallesi\u2019nde bulunan bir evde t\u00fcp patlamas\u0131 meydana geldi. Cihan O.\u2019ya ait oldu\u011fu \u00f6\u011frenilen evde ya\u015fanan patlaman\u0131n ard\u0131ndan olay yerine itfaiye, 112 Acil Sa\u011fl\u0131k ekipleri ve polis sevk edildi. \u015eans eseri olay s\u0131ras\u0131nda evde kimsenin bulunmamas\u0131 can kayb\u0131 ya da yaralanman\u0131n \u00f6n\u00fcne ge\u00e7ti. Ancak patlaman\u0131n etkisiyle evde ciddi hasar olu\u015ftu.<\/p>\n<p>Olayla ilgili inceleme ba\u015flat\u0131ld\u0131.<br \/><\/p>\n","protected":false},"excerpt":{"rendered":"<p>Ayd\u0131n\u2019\u0131n S\u00f6ke il\u00e7esinde bir evde t\u00fcp patlamas\u0131 sonucu maddi hasar olu\u015ftu. Kemalpa\u015fa Mahallesi\u2019nde bulunan bir evde t\u00fcp patlamas\u0131 meydana geldi. Cihan O.\u2019ya ait oldu\u011fu \u00f6\u011frenilen evde ya\u015fanan patlaman\u0131n ard\u0131ndan olay yerine itfaiye, 112 Acil Sa\u011fl\u0131k ekipleri ve polis sevk edildi. \u015eans eseri olay s\u0131ras\u0131nda evde kimsenin bulunmamas\u0131 can kayb\u0131 ya da yaralanman\u0131n \u00f6n\u00fcne ge\u00e7ti. Ancak&#8230;<\/p>\n","protected":false},"author":1,"featured_media":22647,"comment_status":"open","ping_status":"open","sticky":false,"template":"","format":"standard","meta":{"_crdt_document":"","footnotes":""},"categories":[5],"tags":[],"class_list":["post-22646","post","type-post","status-publish","format-standard","has-post-thumbnail","hentry","category-asayis"],"_links":{"self":[{"href":"https:\/\/www.egemtv.com\/index.php?rest_route=\/wp\/v2\/posts\/22646","targetHints":{"allow":["GET"]}}],"collection":[{"href":"https:\/\/www.egemtv.com\/index.php?rest_route=\/wp\/v2\/posts"}],"about":[{"href":"https:\/\/www.egemtv.com\/index.php?rest_route=\/wp\/v2\/types\/post"}],"author":[{"embeddable":true,"href":"https:\/\/www.egemtv.com\/index.php?rest_route=\/wp\/v2\/users\/1"}],"replies":[{"embeddable":true,"href":"https:\/\/www.egemtv.com\/index.php?rest_route=%2Fwp%2Fv2%2Fcomments&post=22646"}],"version-history":[{"count":1,"href":"https:\/\/www.egemtv.com\/index.php?rest_route=\/wp\/v2\/posts\/22646\/revisions"}],"predecessor-version":[{"id":22648,"href":"https:\/\/www.egemtv.com\/index.php?rest_route=\/wp\/v2\/posts\/22646\/revisions\/22648"}],"wp:featuredmedia":[{"embeddable":true,"href":"https:\/\/www.egemtv.com\/index.php?rest_route=\/wp\/v2\/media\/22647"}],"wp:attachment":[{"href":"https:\/\/www.egemtv.com\/index.php?rest_route=%2Fwp%2Fv2%2Fmedia&parent=22646"}],"wp:term":[{"taxonomy":"category","embeddable":true,"href":"https:\/\/www.egemtv.com\/index.php?rest_route=%2Fwp%2Fv2%2Fcategories&post=22646"},{"taxonomy":"post_tag","embeddable":true,"href":"https:\/\/www.egemtv.com\/index.php?rest_route=%2Fwp%2Fv2%2Ftags&post=22646"}],"curies":[{"name":"wp","href":"https:\/\/api.w.org\/{rel}","templated":true}]}}